{"id":1751,"date":"2023-08-18T22:11:49","date_gmt":"2023-08-18T22:11:49","guid":{"rendered":"https:\/\/www.cei.usach.cl\/?p=1751"},"modified":"2023-08-18T22:14:22","modified_gmt":"2023-08-18T22:14:22","slug":"jornadas-de-etica-e-inteligencia-artificial-proporcionaran-espacio-de-reflexion-sobre-dilemas-de-la-sociedad-actual","status":"publish","type":"post","link":"https:\/\/www.cei.usach.cl\/index.php\/2023\/08\/18\/jornadas-de-etica-e-inteligencia-artificial-proporcionaran-espacio-de-reflexion-sobre-dilemas-de-la-sociedad-actual\/","title":{"rendered":"Jornadas de \u00c9tica e Inteligencia Artificial proporcionar\u00e1n espacio de reflexi\u00f3n sobre dilemas de la sociedad actual"},"content":{"rendered":"\t\t<div data-elementor-type=\"wp-post\" data-elementor-id=\"1751\" class=\"elementor elementor-1751\" data-elementor-post-type=\"post\">\n\t\t\t\t\t\t\t\t\t<section class=\"elementor-section elementor-top-section elementor-element elementor-element-f20014d elementor-section-boxed elementor-section-height-default elementor-section-height-default\" data-id=\"f20014d\" data-element_type=\"section\">\n\t\t\t\t\t\t<div class=\"elementor-container elementor-column-gap-default\">\n\t\t\t\t\t<div class=\"elementor-column elementor-col-100 elementor-top-column elementor-element elementor-element-e52d1ec\" data-id=\"e52d1ec\" data-element_type=\"column\">\n\t\t\t<div class=\"elementor-widget-wrap elementor-element-populated\">\n\t\t\t\t\t\t\t\t<div class=\"elementor-element elementor-element-75c03f3 elementor-widget elementor-widget-text-editor\" data-id=\"75c03f3\" data-element_type=\"widget\" data-widget_type=\"text-editor.default\">\n\t\t\t\t<div class=\"elementor-widget-container\">\n\t\t\t<style>\/*! elementor - v3.17.0 - 08-11-2023 *\/\n.elementor-widget-text-editor.elementor-drop-cap-view-stacked .elementor-drop-cap{background-color:#69727d;color:#fff}.elementor-widget-text-editor.elementor-drop-cap-view-framed .elementor-drop-cap{color:#69727d;border:3px solid;background-color:transparent}.elementor-widget-text-editor:not(.elementor-drop-cap-view-default) .elementor-drop-cap{margin-top:8px}.elementor-widget-text-editor:not(.elementor-drop-cap-view-default) .elementor-drop-cap-letter{width:1em;height:1em}.elementor-widget-text-editor .elementor-drop-cap{float:left;text-align:center;line-height:1;font-size:50px}.elementor-widget-text-editor .elementor-drop-cap-letter{display:inline-block}<\/style>\t\t\t\t<p><span style=\"font-weight: 400;\">El Comit\u00e9 de \u00c9tica Institucional USACH organiza <strong>taller de \u00e9tica e Inteligencia Artificial<\/strong> que incluye an\u00e1lisis de casos las cuales se realizar\u00e1n los d\u00edas mi\u00e9rcoles 30 y jueves 31 de agosto de 17:30 a 20:30 horas mediante la plataforma Zoom. Inscripciones a trav\u00e9s del siguiente <\/span><a href=\"https:\/\/bit.ly\/3YiGIZj\" target=\"_blank\" rel=\"noopener\"><span style=\"font-weight: 400;\">formulario<\/span><\/a><span style=\"font-weight: 400;\">.<\/span><\/p><p><span style=\"font-weight: 400;\">Con el objetivo de dar a conocer algunos dilemas \u00e9ticos que emanan de la creaci\u00f3n y uso masivo de Inteligencia Artificial o IA en la sociedad actual, el Comit\u00e9 de \u00c9tica Institucional (CEI) USACH impartir\u00e1 un taller de \u00c9tica e Inteligencia Artificial, el cual estar\u00e1 dividido en dos jornadas de dos bloques cada uno el pr\u00f3ximo 30 y 31 de agosto, entre 17:30 y 20:30 horas.<\/span><\/p><p><span style=\"font-weight: 400;\">Este taller busca proporcionar un espacio de comunicaci\u00f3n y di\u00e1logo sobre la deliberaci\u00f3n \u00e9tica y el quehacer t\u00e9cnico relacionado con el uso de la Inteligencia Artificial (IA). Esto es motivado por la acelerada masificaci\u00f3n de la IA a nivel mundial debido a su acceso abierto a trav\u00e9s de diferentes plataformas gratuitas.<\/span><\/p><p><span style=\"font-weight: 400;\">El presidente del CEI, M\u00e9dico Cirujano y Doctor en Salud P\u00fablica con \u00e9nfasis en Ambiente y Desarrollo Humano, <strong>Dr. Jairo Vanegas L\u00f3pez<\/strong>,\u00a0 se\u00f1ala que estas jornadas \u201cbuscan expresar, desde las experiencias y puntos de vista de sus expositoras y expositores, algunas relaciones entre la reflexi\u00f3n \u00e9tica y los problemas que plantea el uso de la IA en \u00e1mbitos aplicados, donde se recogen temas relevantes y de actualidad\u201d, afirma.<\/span><\/p><p><span style=\"font-weight: 400;\">La jornada del mi\u00e9rcoles 30 de agosto contar\u00e1 con an\u00e1lisis de caso aplicado de IA en el \u00e1rea de la salud con la exposici\u00f3n de la\u00a0 Dra. Violeta Chang PhD; una conversaci\u00f3n sobre inteligencia artificial desde la \u00c9tica, Bio\u00e9tica y derecho, por el equipo CEI integrado por las Abogadas Mar\u00eda Ang\u00e9lica Sotomayor y Paulina Ramos (PUC). Esta jornada finalizar\u00e1 con una mesa de discusi\u00f3n moderada por el Mag\u00edster en Ciencias Biol\u00f3gicas con menci\u00f3n en Neurociencias Roberto Vera-Salazar.<\/span><\/p><p><span style=\"font-weight: 400;\">Por otra parte, la jornada del jueves 31 de agosto con un an\u00e1lisis de caso ligado a la Inteligencia computacional por el Doctor en Ciencias de la Ingenier\u00eda Biom\u00e9dica Dr. Max Chac\u00f3n Pacheco; y una conversaci\u00f3n sobre filosof\u00eda, \u00e9tica e inteligencia artificial por el Dr. Francisco Le\u00f3n. Para finalizar esta jornada se establecer\u00e1 una mesa de discusi\u00f3n moderada por el Dr. Jairo Vanegas L\u00f3pez.<\/span><\/p><p><span style=\"font-weight: 400;\">Esta actividad contar\u00e1 con certificado de participaci\u00f3n. Para ser parte del taller \u00c9tica e Inteligencia Artificial se solicita responder la siguiente encuesta previa a trav\u00e9s del siguiente <\/span><a href=\"https:\/\/forms.gle\/nqK9LTZ8TnagBbM66\" target=\"_blank\" rel=\"noopener\"><span style=\"font-weight: 400;\">formulario<\/span><\/a><span style=\"font-weight: 400;\">. Luego, para asegurar su cupo debe inscribirse a trav\u00e9s del siguiente <\/span><a href=\"https:\/\/forms.gle\/hk13sL2uKBnxEpX5A\" target=\"_blank\" rel=\"noopener\"><span style=\"font-weight: 400;\">formulario<\/span><\/a><span style=\"font-weight: 400;\">.\u00a0<\/span><\/p><p><span style=\"font-weight: 400;\">El link de las jornadas se enviar\u00e1 a las y los participantes el d\u00eda mi\u00e9rcoles 30 de agosto.\u00a0<\/span><\/p><p>\u00a0<\/p><p><span style=\"font-weight: 400;\">Por Irma Fern\u00e1ndez Pacheco<\/span><\/p>\t\t\t\t\t\t<\/div>\n\t\t\t\t<\/div>\n\t\t\t\t\t<\/div>\n\t\t<\/div>\n\t\t\t\t\t\t\t<\/div>\n\t\t<\/section>\n\t\t\t\t<section class=\"elementor-section elementor-top-section elementor-element elementor-element-59e8744 elementor-section-boxed elementor-section-height-default elementor-section-height-default\" data-id=\"59e8744\" data-element_type=\"section\">\n\t\t\t\t\t\t<div class=\"elementor-container elementor-column-gap-default\">\n\t\t\t\t\t<div class=\"elementor-column elementor-col-100 elementor-top-column elementor-element elementor-element-4d741ac\" data-id=\"4d741ac\" data-element_type=\"column\">\n\t\t\t<div class=\"elementor-widget-wrap elementor-element-populated\">\n\t\t\t\t\t\t\t\t<div class=\"elementor-element elementor-element-0674a28 elementor-widget elementor-widget-image\" data-id=\"0674a28\" data-element_type=\"widget\" data-widget_type=\"image.default\">\n\t\t\t\t<div class=\"elementor-widget-container\">\n\t\t\t<style>\/*! elementor - v3.17.0 - 08-11-2023 *\/\n.elementor-widget-image{text-align:center}.elementor-widget-image a{display:inline-block}.elementor-widget-image a img[src$=\".svg\"]{width:48px}.elementor-widget-image img{vertical-align:middle;display:inline-block}<\/style>\t\t\t\t\t\t\t\t\t\t\t\t<img loading=\"lazy\" decoding=\"async\" width=\"1024\" height=\"1024\" src=\"https:\/\/www.cei.usach.cl\/wp-content\/uploads\/2023\/08\/jornada-cei-usach-30-31-agosto2023-1-1024x1024.jpg\" class=\"attachment-large size-large wp-image-1754\" alt=\"jornada ia cei usach\" \/>\t\t\t\t\t\t\t\t\t\t\t\t\t\t\t<\/div>\n\t\t\t\t<\/div>\n\t\t\t\t\t<\/div>\n\t\t<\/div>\n\t\t\t\t\t\t\t<\/div>\n\t\t<\/section>\n\t\t\t\t\t\t\t<\/div>\n\t\t","protected":false},"excerpt":{"rendered":"<p>El Comit\u00e9 de \u00c9tica Institucional USACH organiza taller de \u00e9tica e Inteligencia Artificial que incluye an\u00e1lisis de casos las cuales se realizar\u00e1n los d\u00edas mi\u00e9rcoles 30 y jueves 31 de [&hellip;]<\/p>\n","protected":false},"author":2,"featured_media":1752,"comment_status":"closed","ping_status":"closed","sticky":false,"template":"","format":"standard","meta":{"_coblocks_attr":"","_coblocks_dimensions":"","_coblocks_responsive_height":"","_coblocks_accordion_ie_support":"","inline_featured_image":false,"_EventAllDay":false,"_EventTimezone":"","_EventStartDate":"","_EventEndDate":"","_EventStartDateUTC":"","_EventEndDateUTC":"","_EventShowMap":false,"_EventShowMapLink":false,"_EventURL":"","_EventCost":"","_EventCostDescription":"","_EventCurrencySymbol":"","_EventCurrencyCode":"","_EventCurrencyPosition":"","_EventDateTimeSeparator":"","_EventTimeRangeSeparator":"","_EventOrganizerID":[],"_EventVenueID":[],"_OrganizerEmail":"","_OrganizerPhone":"","_OrganizerWebsite":"","_VenueAddress":"","_VenueCity":"","_VenueCountry":"","_VenueProvince":"","_VenueState":"","_VenueZip":"","_VenuePhone":"","_VenueURL":"","_VenueStateProvince":"","_VenueLat":"","_VenueLng":"","_VenueShowMap":false,"_VenueShowMapLink":false,"footnotes":""},"categories":[6],"tags":[],"class_list":["post-1751","post","type-post","status-publish","format-standard","has-post-thumbnail","hentry","category-noticias"],"rttpg_featured_image_url":{"full":["https:\/\/www.cei.usach.cl\/wp-content\/uploads\/2023\/08\/jornada-ia-cei.jpg",1100,360,false],"landscape":["https:\/\/www.cei.usach.cl\/wp-content\/uploads\/2023\/08\/jornada-ia-cei.jpg",1100,360,false],"portraits":["https:\/\/www.cei.usach.cl\/wp-content\/uploads\/2023\/08\/jornada-ia-cei.jpg",1100,360,false],"thumbnail":["https:\/\/www.cei.usach.cl\/wp-content\/uploads\/2023\/08\/jornada-ia-cei-150x150.jpg",150,150,true],"medium":["https:\/\/www.cei.usach.cl\/wp-content\/uploads\/2023\/08\/jornada-ia-cei-300x98.jpg",300,98,true],"large":["https:\/\/www.cei.usach.cl\/wp-content\/uploads\/2023\/08\/jornada-ia-cei-1024x335.jpg",1024,335,true],"1536x1536":["https:\/\/www.cei.usach.cl\/wp-content\/uploads\/2023\/08\/jornada-ia-cei.jpg",1100,360,false],"2048x2048":["https:\/\/www.cei.usach.cl\/wp-content\/uploads\/2023\/08\/jornada-ia-cei.jpg",1100,360,false],"rpwe-thumbnail":["https:\/\/www.cei.usach.cl\/wp-content\/uploads\/2023\/08\/jornada-ia-cei-45x45.jpg",45,45,true]},"rttpg_author":{"display_name":"Comunicaciones VRIIC","author_link":"https:\/\/www.cei.usach.cl\/index.php\/author\/comunicacionesvridei\/"},"rttpg_comment":0,"rttpg_category":"<a href=\"https:\/\/www.cei.usach.cl\/index.php\/category\/noticias\/\" rel=\"category tag\">Noticias<\/a>","rttpg_excerpt":"El Comit\u00e9 de \u00c9tica Institucional USACH organiza taller de \u00e9tica e Inteligencia Artificial que incluye an\u00e1lisis de casos las cuales se realizar\u00e1n los d\u00edas mi\u00e9rcoles 30 y jueves 31 de [&hellip;]","_links":{"self":[{"href":"https:\/\/www.cei.usach.cl\/index.php\/wp-json\/wp\/v2\/posts\/1751","targetHints":{"allow":["GET"]}}],"collection":[{"href":"https:\/\/www.cei.usach.cl\/index.php\/wp-json\/wp\/v2\/posts"}],"about":[{"href":"https:\/\/www.cei.usach.cl\/index.php\/wp-json\/wp\/v2\/types\/post"}],"author":[{"embeddable":true,"href":"https:\/\/www.cei.usach.cl\/index.php\/wp-json\/wp\/v2\/users\/2"}],"replies":[{"embeddable":true,"href":"https:\/\/www.cei.usach.cl\/index.php\/wp-json\/wp\/v2\/comments?post=1751"}],"version-history":[{"count":4,"href":"https:\/\/www.cei.usach.cl\/index.php\/wp-json\/wp\/v2\/posts\/1751\/revisions"}],"predecessor-version":[{"id":1757,"href":"https:\/\/www.cei.usach.cl\/index.php\/wp-json\/wp\/v2\/posts\/1751\/revisions\/1757"}],"wp:featuredmedia":[{"embeddable":true,"href":"https:\/\/www.cei.usach.cl\/index.php\/wp-json\/wp\/v2\/media\/1752"}],"wp:attachment":[{"href":"https:\/\/www.cei.usach.cl\/index.php\/wp-json\/wp\/v2\/media?parent=1751"}],"wp:term":[{"taxonomy":"category","embeddable":true,"href":"https:\/\/www.cei.usach.cl\/index.php\/wp-json\/wp\/v2\/categories?post=1751"},{"taxonomy":"post_tag","embeddable":true,"href":"https:\/\/www.cei.usach.cl\/index.php\/wp-json\/wp\/v2\/tags?post=1751"}],"curies":[{"name":"wp","href":"https:\/\/api.w.org\/{rel}","templated":true}]}}