{"id":2652,"date":"2024-08-26T16:40:46","date_gmt":"2024-08-26T16:40:46","guid":{"rendered":"https:\/\/www.cei.usach.cl\/?p=2652"},"modified":"2024-11-06T00:35:26","modified_gmt":"2024-11-06T00:35:26","slug":"congreso-internacional-de-etica-y-bioetica-usach-abordara-los-desafios-eticos-contemporaneos","status":"publish","type":"post","link":"https:\/\/www.cei.usach.cl\/index.php\/2024\/08\/26\/congreso-internacional-de-etica-y-bioetica-usach-abordara-los-desafios-eticos-contemporaneos\/","title":{"rendered":"Congreso Internacional de \u00c9tica y Bio\u00e9tica Usach abordar\u00e1 los desaf\u00edos \u00e9ticos contempor\u00e1neos"},"content":{"rendered":"\t\t<div data-elementor-type=\"wp-post\" data-elementor-id=\"2652\" class=\"elementor elementor-2652\" data-elementor-post-type=\"post\">\n\t\t\t\t\t\t\t\t\t<section class=\"elementor-section elementor-top-section elementor-element elementor-element-4bf2b678 elementor-section-boxed elementor-section-height-default elementor-section-height-default\" data-id=\"4bf2b678\" data-element_type=\"section\">\n\t\t\t\t\t\t<div class=\"elementor-container elementor-column-gap-default\">\n\t\t\t\t\t<div class=\"elementor-column elementor-col-100 elementor-top-column elementor-element elementor-element-771d392d\" data-id=\"771d392d\" data-element_type=\"column\">\n\t\t\t<div class=\"elementor-widget-wrap elementor-element-populated\">\n\t\t\t\t\t\t\t\t<div class=\"elementor-element elementor-element-7a806441 elementor-widget elementor-widget-text-editor\" data-id=\"7a806441\" data-element_type=\"widget\" data-widget_type=\"text-editor.default\">\n\t\t\t\t<div class=\"elementor-widget-container\">\n\t\t\t<style>\/*! elementor - v3.17.0 - 08-11-2023 *\/\n.elementor-widget-text-editor.elementor-drop-cap-view-stacked .elementor-drop-cap{background-color:#69727d;color:#fff}.elementor-widget-text-editor.elementor-drop-cap-view-framed .elementor-drop-cap{color:#69727d;border:3px solid;background-color:transparent}.elementor-widget-text-editor:not(.elementor-drop-cap-view-default) .elementor-drop-cap{margin-top:8px}.elementor-widget-text-editor:not(.elementor-drop-cap-view-default) .elementor-drop-cap-letter{width:1em;height:1em}.elementor-widget-text-editor .elementor-drop-cap{float:left;text-align:center;line-height:1;font-size:50px}.elementor-widget-text-editor .elementor-drop-cap-letter{display:inline-block}<\/style>\t\t\t\t<p><em><strong>Organizado por el Comit\u00e9 de \u00c9tica Institucional (CEI), el Congreso Internacional de \u00c9tica y Bio\u00e9tica se llevar\u00e1 a cabo del 14 al 16 de noviembre de 2024. Sumado a un taller pre-congreso gratuito, dirigido a representantes de los Comit\u00e9s de \u00c9tica Cient\u00edficos nacionales, para el d\u00eda 13 de noviembre.<\/strong><\/em><\/p>\t\t\t\t\t\t<\/div>\n\t\t\t\t<\/div>\n\t\t\t\t\t<\/div>\n\t\t<\/div>\n\t\t\t\t\t\t\t<\/div>\n\t\t<\/section>\n\t\t\t\t<section class=\"elementor-section elementor-top-section elementor-element elementor-element-f359fa9 elementor-section-boxed elementor-section-height-default elementor-section-height-default\" data-id=\"f359fa9\" data-element_type=\"section\">\n\t\t\t\t\t\t<div class=\"elementor-container elementor-column-gap-default\">\n\t\t\t\t\t<div class=\"elementor-column elementor-col-100 elementor-top-column elementor-element elementor-element-c895d3f\" data-id=\"c895d3f\" data-element_type=\"column\">\n\t\t\t<div class=\"elementor-widget-wrap elementor-element-populated\">\n\t\t\t\t\t\t\t\t<div class=\"elementor-element elementor-element-418a08f elementor-widget elementor-widget-text-editor\" data-id=\"418a08f\" data-element_type=\"widget\" data-widget_type=\"text-editor.default\">\n\t\t\t\t<div class=\"elementor-widget-container\">\n\t\t\t\t\t\t\t<p><span style=\"font-weight: 400;\">El Congreso Internacional de \u00c9tica y Bio\u00e9tica, organizado por el Comit\u00e9 de \u00c9tica Institucional (CEI) con el auspicio de la Facultad de Ciencias M\u00e9dicas Usach, se desarrollar\u00e1 entre el <\/span><b>14 y 16 de noviembre de 2024, <\/b>en el\u00a0<b><span style=\"background-color: var(--wp--preset--color--background);\">Hotel Plaza San Francisco, ubicado en\u00a0<\/span><span style=\"color: var( --e-global-color-text ); font-family: var( --e-global-typography-text-font-family ), Sans-serif; background-color: var(--wp--preset--color--background); font-size: var(--wp--preset--font-size--medium);\">Av. Libertador\u00a0<\/span><span style=\"color: var( --e-global-color-text ); font-family: var( --e-global-typography-text-font-family ), Sans-serif; background-color: var(--wp--preset--color--background); font-size: var(--wp--preset--font-size--medium);\">Bernardo O&#8217;Higgins #816.<\/span><\/b><\/p><p><span style=\"font-weight: 400;\">La mag\u00edster en Salud P\u00fablica y Secretaria ejecutiva del CEI, Carolina Marchant, explica que el evento, que contar\u00e1 con la participaci\u00f3n de personas expertas en \u00e9tica y bio\u00e9tica tiene como objetivo <\/span><b>\u201cgenerar un espacio de encuentro interdisciplinario entre expertos en bio\u00e9tica y \u00e9tica en la investigaci\u00f3n social y biom\u00e9dica, abordar los m\u00faltiples dilemas \u00e9ticos, sus causas y efectos en \u00e1reas como la medicina, la biotecnolog\u00eda y la investigaci\u00f3n cient\u00edfica, y, por \u00faltimo, proponer y discutir posibles soluciones \u00e9ticas para problemas emergentes\u201d<\/b><span style=\"font-weight: 400;\">, destaca.<\/span><\/p><p><span style=\"font-weight: 400;\">Bajo el lema <\/span><b>\u201cReflexionar y deliberar, una necesidad frente a los cambios\u201d<\/b><span style=\"font-weight: 400;\">, el congreso se centrar\u00e1 en identificar, analizar y proponer soluciones \u00e9ticas a los problemas contempor\u00e1neos que afectan estas disciplinas. Su importancia radica en la necesidad de una reflexi\u00f3n \u00e9tica profunda en un contexto de r\u00e1pidos avances cient\u00edficos y tecnol\u00f3gicos, donde los desaf\u00edos \u00e9ticos se vuelven cada vez m\u00e1s complejos.<\/span><\/p><p><span style=\"font-weight: 400;\">Entre los principales ponentes se encuentra\u00a0<\/span><span style=\"font-weight: 400;\">el <\/span><b>Dr. Benjam\u00edn Herreros, Director del Instituto de \u00c9tica Cl\u00ednica Francisco Vall\u00e9s en Espa\u00f1a<\/b><span style=\"font-weight: 400;\">; y el <\/span><b>Dr. Carlos Viesca Trevi\u00f1o, bioeticista y profesor en la Universidad Nacional Aut\u00f3noma de M\u00e9xico (UNAM<\/b><span style=\"font-weight: 400;\">). Estos especialistas compartir\u00e1n sus conocimientos y perspectivas sobre los avances y desaf\u00edos actuales en \u00e9tica y bio\u00e9tica.<\/span><\/p><p><span style=\"font-weight: 400;\">Precediendo al congreso, el <\/span><b>13 de noviembre se llevar\u00e1 a cabo un taller pre-congreso<\/b><span style=\"font-weight: 400;\"> gratuito, dirigido a los representantes de los Comit\u00e9s de \u00c9tica Cient\u00edficos nacionales. Este taller, liderado por el Ministerio de Salud, a trav\u00e9s de representantes del Comit\u00e9 Ministerial de \u00c9tica (CMEIS), abordar\u00e1 temas clave como las normativas regulatorias de la investigaci\u00f3n cient\u00edfica y los nuevos criterios de acreditaci\u00f3n.<\/span><\/p><p><strong>Revisa el programa del congreso en el siguiente\u00a0<a style=\"font-family: var( --e-global-typography-text-font-family ), Sans-serif; font-weight: var( --e-global-typography-text-font-weight ); background-color: var(--wp--preset--color--background); font-size: var(--wp--preset--font-size--medium);\" href=\"http:\/\/www.cei.usach.cl\/wp-content\/uploads\/2024\/11\/congresobioetica_programa2024_actualizado4-10-1.pdf\" target=\"_blank\" rel=\"noopener\">enlace.\u00a0<\/a><\/strong><\/p><p>Las inscripciones al evento ya se encuentran abiertas, tanto para asistentes al congreso, como para la presentaci\u00f3n de trabajos.<b> Conoce el detalle a continuaci\u00f3n:\u00a0<\/b><\/p><p><span style=\"text-decoration: underline;\"><strong>Inscripciones:<\/strong><\/span><\/p><ul><li><strong>Taller Pre-Congreso:<\/strong>\u00a0Dirigido a representantes de Comit\u00e9s de \u00c9tica. Los interesados pueden inscribirse\u00a0<a href=\"https:\/\/docs.google.com\/forms\/d\/e\/1FAIpQLSftBpbYniZHnniEIb0R4dX15yG2TCvZsri6MeSLWmOR9Q1qrw\/viewform\" target=\"_blank\" rel=\"noopener\">aqu\u00ed<\/a>.<\/li><li><strong>Congreso Principal:<\/strong>\u00a0Inscripciones disponibles\u00a0<a href=\"https:\/\/docs.google.com\/forms\/d\/e\/1FAIpQLSet026_PtlvrLcUJCVehC0vvTJau8HwfiK2qQ-8cT9uXF9N2A\/viewform\" target=\"_blank\" rel=\"noopener\">aqu\u00ed<\/a>.<\/li><li><strong>Presentaci\u00f3n de Trabajos:<\/strong>\u00a0Los interesados en presentar trabajos pueden inscribirse\u00a0<a href=\"https:\/\/docs.google.com\/forms\/d\/e\/1FAIpQLSdenFjOlZvnZfIpwfBPQCX9v6lM8Yo2df6luB3UcLnXA176Hg\/viewform\" target=\"_blank\" rel=\"noopener\">aqu\u00ed<\/a>.\u00a0<\/li><li><b>Plazo para recepci\u00f3n de res\u00famenes:<\/b>\u00a0Se ha extendido hasta el 15 de octubre de 2024.<\/li><li>Ver bases de convocatoria\u00a0<a href=\"http:\/\/www.cei.usach.cl\/wp-content\/uploads\/2024\/09\/Convocatoria-Trabajos.pdf\" target=\"_blank\" rel=\"noopener\">aqu\u00ed<\/a>.<\/li><\/ul><p><span style=\"text-decoration: underline;\"><strong>Valores Congreso:<\/strong><\/span><\/p><ul><li>$<b>60.000<\/b>.- Ponentes y p\u00fablico general\u00a0hasta el 15 de octubre. $<b>70.000<\/b>.- Ponentes y p\u00fablico general hasta el 10 de noviembre de 2024.<\/li><li>$<b>30.000<\/b>&#8211; Alumnos de postgrado- cupos limitados.<\/li><li>$<b>20.000<\/b>.- Alumnos pregrado- cupos limitados.<\/li><li>Los datos de transferencia son: Universidad de Santiago de Chile, Banco Santander, N\u00b066-60718-6, rut: 60.911.000-7.<\/li><li><strong>Existen 15 cupos gratuitos para acad\u00e9micas y acad\u00e9micos Usach.<\/strong><\/li><li style=\"list-style-type: none;\">\u00a0<\/li><\/ul>\t\t\t\t\t\t<\/div>\n\t\t\t\t<\/div>\n\t\t\t\t\t<\/div>\n\t\t<\/div>\n\t\t\t\t\t\t\t<\/div>\n\t\t<\/section>\n\t\t\t\t\t\t\t<\/div>\n\t\t","protected":false},"excerpt":{"rendered":"<p>Organizado por el Comit\u00e9 de \u00c9tica Institucional (CEI), el Congreso Internacional de \u00c9tica y Bio\u00e9tica se llevar\u00e1 a cabo del 14 al 16 de noviembre de 2024. Sumado a un [&hellip;]<\/p>\n","protected":false},"author":2,"featured_media":2655,"comment_status":"closed","ping_status":"","sticky":false,"template":"","format":"standard","meta":{"_coblocks_attr":"","_coblocks_dimensions":"","_coblocks_responsive_height":"","_coblocks_accordion_ie_support":"","inline_featured_image":false,"_EventAllDay":false,"_EventTimezone":"","_EventStartDate":"","_EventEndDate":"","_EventStartDateUTC":"","_EventEndDateUTC":"","_EventShowMap":false,"_EventShowMapLink":false,"_EventURL":"","_EventCost":"","_EventCostDescription":"","_EventCurrencySymbol":"","_EventCurrencyCode":"","_EventCurrencyPosition":"","_EventDateTimeSeparator":"","_EventTimeRangeSeparator":"","_EventOrganizerID":[],"_EventVenueID":[],"_OrganizerEmail":"","_OrganizerPhone":"","_OrganizerWebsite":"","_VenueAddress":"","_VenueCity":"","_VenueCountry":"","_VenueProvince":"","_VenueState":"","_VenueZip":"","_VenuePhone":"","_VenueURL":"","_VenueStateProvince":"","_VenueLat":"","_VenueLng":"","_VenueShowMap":false,"_VenueShowMapLink":false,"footnotes":""},"categories":[6],"tags":[12],"class_list":["post-2652","post","type-post","status-publish","format-standard","has-post-thumbnail","hentry","category-noticias","tag-actividades"],"rttpg_featured_image_url":{"full":["https:\/\/www.cei.usach.cl\/wp-content\/uploads\/2024\/08\/Sin-titulo-1100-x-363-px-2.png",1100,363,false],"landscape":["https:\/\/www.cei.usach.cl\/wp-content\/uploads\/2024\/08\/Sin-titulo-1100-x-363-px-2.png",1100,363,false],"portraits":["https:\/\/www.cei.usach.cl\/wp-content\/uploads\/2024\/08\/Sin-titulo-1100-x-363-px-2.png",1100,363,false],"thumbnail":["https:\/\/www.cei.usach.cl\/wp-content\/uploads\/2024\/08\/Sin-titulo-1100-x-363-px-2-150x150.png",150,150,true],"medium":["https:\/\/www.cei.usach.cl\/wp-content\/uploads\/2024\/08\/Sin-titulo-1100-x-363-px-2-300x99.png",300,99,true],"large":["https:\/\/www.cei.usach.cl\/wp-content\/uploads\/2024\/08\/Sin-titulo-1100-x-363-px-2-1024x338.png",1024,338,true],"1536x1536":["https:\/\/www.cei.usach.cl\/wp-content\/uploads\/2024\/08\/Sin-titulo-1100-x-363-px-2.png",1100,363,false],"2048x2048":["https:\/\/www.cei.usach.cl\/wp-content\/uploads\/2024\/08\/Sin-titulo-1100-x-363-px-2.png",1100,363,false],"rpwe-thumbnail":["https:\/\/www.cei.usach.cl\/wp-content\/uploads\/2024\/08\/Sin-titulo-1100-x-363-px-2-45x45.png",45,45,true]},"rttpg_author":{"display_name":"Comunicaciones VRIIC","author_link":"https:\/\/www.cei.usach.cl\/index.php\/author\/comunicacionesvridei\/"},"rttpg_comment":0,"rttpg_category":"<a href=\"https:\/\/www.cei.usach.cl\/index.php\/category\/noticias\/\" rel=\"category tag\">Noticias<\/a>","rttpg_excerpt":"Organizado por el Comit\u00e9 de \u00c9tica Institucional (CEI), el Congreso Internacional de \u00c9tica y Bio\u00e9tica se llevar\u00e1 a cabo del 14 al 16 de noviembre de 2024. Sumado a un [&hellip;]","_links":{"self":[{"href":"https:\/\/www.cei.usach.cl\/index.php\/wp-json\/wp\/v2\/posts\/2652","targetHints":{"allow":["GET"]}}],"collection":[{"href":"https:\/\/www.cei.usach.cl\/index.php\/wp-json\/wp\/v2\/posts"}],"about":[{"href":"https:\/\/www.cei.usach.cl\/index.php\/wp-json\/wp\/v2\/types\/post"}],"author":[{"embeddable":true,"href":"https:\/\/www.cei.usach.cl\/index.php\/wp-json\/wp\/v2\/users\/2"}],"replies":[{"embeddable":true,"href":"https:\/\/www.cei.usach.cl\/index.php\/wp-json\/wp\/v2\/comments?post=2652"}],"version-history":[{"count":70,"href":"https:\/\/www.cei.usach.cl\/index.php\/wp-json\/wp\/v2\/posts\/2652\/revisions"}],"predecessor-version":[{"id":2793,"href":"https:\/\/www.cei.usach.cl\/index.php\/wp-json\/wp\/v2\/posts\/2652\/revisions\/2793"}],"wp:featuredmedia":[{"embeddable":true,"href":"https:\/\/www.cei.usach.cl\/index.php\/wp-json\/wp\/v2\/media\/2655"}],"wp:attachment":[{"href":"https:\/\/www.cei.usach.cl\/index.php\/wp-json\/wp\/v2\/media?parent=2652"}],"wp:term":[{"taxonomy":"category","embeddable":true,"href":"https:\/\/www.cei.usach.cl\/index.php\/wp-json\/wp\/v2\/categories?post=2652"},{"taxonomy":"post_tag","embeddable":true,"href":"https:\/\/www.cei.usach.cl\/index.php\/wp-json\/wp\/v2\/tags?post=2652"}],"curies":[{"name":"wp","href":"https:\/\/api.w.org\/{rel}","templated":true}]}}