{"id":3524,"date":"2025-11-05T15:57:17","date_gmt":"2025-11-05T15:57:17","guid":{"rendered":"https:\/\/www.cei.usach.cl\/?p=3524"},"modified":"2025-11-05T16:02:23","modified_gmt":"2025-11-05T16:02:23","slug":"usach-profundiza-el-debate-etico-congreso-internacional-de-etica-y-bioetica-abordara-desde-la-investigacion-con-vacunas-hasta-la-inteligencia-artificial","status":"publish","type":"post","link":"https:\/\/www.cei.usach.cl\/index.php\/2025\/11\/05\/usach-profundiza-el-debate-etico-congreso-internacional-de-etica-y-bioetica-abordara-desde-la-investigacion-con-vacunas-hasta-la-inteligencia-artificial\/","title":{"rendered":"Usach profundiza el debate \u00e9tico: Congreso Internacional de \u00c9tica y Bio\u00e9tica abordar\u00e1 desde la investigaci\u00f3n con vacunas hasta la inteligencia artificial"},"content":{"rendered":"\t\t<div data-elementor-type=\"wp-post\" data-elementor-id=\"3524\" class=\"elementor elementor-3524\" data-elementor-post-type=\"post\">\n\t\t\t\t\t\t\t\t\t<section class=\"elementor-section elementor-top-section elementor-element elementor-element-449fc40a elementor-section-boxed elementor-section-height-default elementor-section-height-default\" data-id=\"449fc40a\" data-element_type=\"section\">\n\t\t\t\t\t\t<div class=\"elementor-container elementor-column-gap-default\">\n\t\t\t\t\t<div class=\"elementor-column elementor-col-100 elementor-top-column elementor-element elementor-element-cbc0178\" data-id=\"cbc0178\" data-element_type=\"column\">\n\t\t\t<div class=\"elementor-widget-wrap elementor-element-populated\">\n\t\t\t\t\t\t\t\t<div class=\"elementor-element elementor-element-5505b305 elementor-widget elementor-widget-text-editor\" data-id=\"5505b305\" data-element_type=\"widget\" data-widget_type=\"text-editor.default\">\n\t\t\t\t<div class=\"elementor-widget-container\">\n\t\t\t<style>\/*! elementor - v3.17.0 - 08-11-2023 *\/\n.elementor-widget-text-editor.elementor-drop-cap-view-stacked .elementor-drop-cap{background-color:#69727d;color:#fff}.elementor-widget-text-editor.elementor-drop-cap-view-framed .elementor-drop-cap{color:#69727d;border:3px solid;background-color:transparent}.elementor-widget-text-editor:not(.elementor-drop-cap-view-default) .elementor-drop-cap{margin-top:8px}.elementor-widget-text-editor:not(.elementor-drop-cap-view-default) .elementor-drop-cap-letter{width:1em;height:1em}.elementor-widget-text-editor .elementor-drop-cap{float:left;text-align:center;line-height:1;font-size:50px}.elementor-widget-text-editor .elementor-drop-cap-letter{display:inline-block}<\/style>\t\t\t\t<p><strong><em>Los desaf\u00edos \u00e9ticos en la salud p\u00fablica global y los avances nacionales m\u00e1s recientes ser\u00e1n el foco principal del 5\u00ba Congreso Internacional de \u00c9tica y Bio\u00e9tica Usach 2025, que se llevar\u00e1 a cabo los d\u00edas 26, 27 y 28 de noviembre. El encuentro, que es organizado por el Comit\u00e9 de \u00c9tica Institucional de la Universidad y que reunir\u00e1 a expertos de diversas disciplinas, busca analizar la \u00e9tica aplicada a los temas m\u00e1s urgentes de la sociedad. participaci\u00f3n y exposici\u00f3n del Dr. Jairo Vanegas L\u00f3pez, presidente del Comit\u00e9 de \u00c9tica Institucional (CEI) de la Universidad de Santiago de Chile (Usach).<\/em><\/strong><\/p>\t\t\t\t\t\t<\/div>\n\t\t\t\t<\/div>\n\t\t\t\t\t<\/div>\n\t\t<\/div>\n\t\t\t\t\t\t\t<\/div>\n\t\t<\/section>\n\t\t\t\t<section class=\"elementor-section elementor-top-section elementor-element elementor-element-5540bcfa elementor-section-boxed elementor-section-height-default elementor-section-height-default\" data-id=\"5540bcfa\" data-element_type=\"section\">\n\t\t\t\t\t\t<div class=\"elementor-container elementor-column-gap-default\">\n\t\t\t\t\t<div class=\"elementor-column elementor-col-100 elementor-top-column elementor-element elementor-element-5bef9ddc\" data-id=\"5bef9ddc\" data-element_type=\"column\">\n\t\t\t<div class=\"elementor-widget-wrap elementor-element-populated\">\n\t\t\t\t\t\t\t\t<div class=\"elementor-element elementor-element-745c5b9 elementor-widget elementor-widget-text-editor\" data-id=\"745c5b9\" data-element_type=\"widget\" data-widget_type=\"text-editor.default\">\n\t\t\t\t<div class=\"elementor-widget-container\">\n\t\t\t\t\t\t\t<p><span style=\"font-weight: 400;\">La Dra. Lorna Luco, quien es mag\u00edster en bio\u00e9tica, especialista en medicina interna y miembro del Comit\u00e9 \u00c9tico Institucional de la Universidad, enfatiz\u00f3 que este congreso en particular permite que grupos de investigaci\u00f3n o aquellos que hacen propuestas reflexivas muestren sus hallazgos en mesas de trabajos libres y p\u00f3sters, diferenci\u00e1ndolos de seminarios o jornadas. La bio\u00e9tica, con 50 a\u00f1os de historia desde su inicio en el mundo occidental en la d\u00e9cada del 70, est\u00e1 en constante adaptaci\u00f3n a los cambios sociales del presente.<\/span><\/p>\t\t\t\t\t\t<\/div>\n\t\t\t\t<\/div>\n\t\t\t\t<div class=\"elementor-element elementor-element-bf66e7f elementor-position-left elementor-vertical-align-middle elementor-widget elementor-widget-image-box\" data-id=\"bf66e7f\" data-element_type=\"widget\" data-widget_type=\"image-box.default\">\n\t\t\t\t<div class=\"elementor-widget-container\">\n\t\t\t<style>\/*! elementor - v3.17.0 - 08-11-2023 *\/\n.elementor-widget-image-box .elementor-image-box-content{width:100%}@media (min-width:768px){.elementor-widget-image-box.elementor-position-left .elementor-image-box-wrapper,.elementor-widget-image-box.elementor-position-right .elementor-image-box-wrapper{display:flex}.elementor-widget-image-box.elementor-position-right .elementor-image-box-wrapper{text-align:right;flex-direction:row-reverse}.elementor-widget-image-box.elementor-position-left .elementor-image-box-wrapper{text-align:left;flex-direction:row}.elementor-widget-image-box.elementor-position-top .elementor-image-box-img{margin:auto}.elementor-widget-image-box.elementor-vertical-align-top .elementor-image-box-wrapper{align-items:flex-start}.elementor-widget-image-box.elementor-vertical-align-middle .elementor-image-box-wrapper{align-items:center}.elementor-widget-image-box.elementor-vertical-align-bottom .elementor-image-box-wrapper{align-items:flex-end}}@media (max-width:767px){.elementor-widget-image-box .elementor-image-box-img{margin-left:auto!important;margin-right:auto!important;margin-bottom:15px}}.elementor-widget-image-box .elementor-image-box-img{display:inline-block}.elementor-widget-image-box .elementor-image-box-title a{color:inherit}.elementor-widget-image-box .elementor-image-box-wrapper{text-align:center}.elementor-widget-image-box .elementor-image-box-description{margin:0}<\/style><div class=\"elementor-image-box-wrapper\"><figure class=\"elementor-image-box-img\"><img loading=\"lazy\" decoding=\"async\" width=\"1042\" height=\"1102\" src=\"https:\/\/www.cei.usach.cl\/wp-content\/uploads\/2025\/11\/WhatsApp-Image-2025-10-30-at-12.17.17.jpeg\" class=\"attachment-full size-full wp-image-3527\" alt=\"\" \/><\/figure><div class=\"elementor-image-box-content\"><p class=\"elementor-image-box-description\"><i>\u201cEl congreso de este a\u00f1o ha ampliado su mirada m\u00e1s all\u00e1 de la \u00e9tica cl\u00ednica para abordar temas que nos vinculan transversalmente; como la \u00e9tica de la salud p\u00fablica, la \u00e9tica y el medio ambiente, la \u00e9tica de la investigaci\u00f3n y la \u00e9tica de los datos\/informaci\u00f3n\u201d, empez\u00f3 diciendo la acad\u00e9mica.<\/i><\/p><\/div><\/div>\t\t<\/div>\n\t\t\t\t<\/div>\n\t\t\t\t<div class=\"elementor-element elementor-element-56043824 elementor-widget elementor-widget-text-editor\" data-id=\"56043824\" data-element_type=\"widget\" data-widget_type=\"text-editor.default\">\n\t\t\t\t<div class=\"elementor-widget-container\">\n\t\t\t\t\t\t\t<p><b>El debate crucial sobre vacunas: \u00c9tica y Salud P\u00fablica<\/b><\/p>\n<p>La mesa de discusi\u00f3n &#8220;\u00c9tica y Vacunas&#8221; ser\u00e1 una de las actividades centrales del congreso; En esta ocasi\u00f3n, la Dra. Luco ser\u00e1 quien coordinar\u00e1 esta mesa de discusi\u00f3n.<\/p>\n<p>Respecto a temas pol\u00e9micos que se relacionan al \u00e1mbito de la \u00e9tica y las vacunas, se le pregunt\u00f3 sobre algunas pol\u00edticas fuertemente cuestionadas en salud que impulsa actualmente Estados Unidos bajo la direcci\u00f3n de Robert Kennedy Jr., secretario de Salud y Servicios Humanos del pa\u00eds norteamericano. Una de las medidas que intenta materializar es exigir que todas las nuevas vacunas sean sometidas a ensayos cl\u00ednicos controlados con placebo, lo que ha generado una fuerte reacci\u00f3n en la comunidad cient\u00edfica internacional.<\/p>\n<p>Con esto, Luco destac\u00f3 que el uso del placebo en ensayos cl\u00ednicos (un producto sin efectividad que se usa para probar la efectividad de otro) est\u00e1 <b>&#8220;estrictamente restringido&#8221;<\/b>. <b>Solo puede usarse en aquellos casos donde no existe &#8220;ninguna terapia que ni sea paliativa ni sea curativa&#8221;<\/b>. Est\u00e1 prohibido usar placebo cuando ya existe un conocimiento de un medicamento que a lo menos disminuye la patolog\u00eda, los s\u00edntomas o mejora la calidad de vida.<\/p>\n<p>Esta regulaci\u00f3n \u00e9tica cobra especial relevancia al analizar posibles cambios en pol\u00edticas internacionales. La Dra. Lorna Luco abord\u00f3 la pol\u00e9mica sobre las supuestas nuevas pol\u00edticas que buscar\u00eda instaurar el gobierno del presidente Donald Trump en Estados Unidos, que permitir\u00edan ensayos cl\u00ednicos de nuevas vacunas sometidas a placebo en la poblaci\u00f3n general.&nbsp;<\/p>\n<p><b>Chile, l\u00edder en inmunizaci\u00f3n: El caso del virus sincicial en <\/b><b><i>The Lancet<\/i><\/b><\/p>\n<p>En contraste con las controversias internacionales, se abord\u00f3 tambi\u00e9n los logros nacionales en salud p\u00fablica con la reciente distinci\u00f3n de Chile en la prestigiosa revista de salud <i>The Lancet<\/i> por su exitosa campa\u00f1a de inmunizaci\u00f3n contra el Virus Sincicial (VRS) en lactantes. La campa\u00f1a ha sido mundialmente destacada y ha transformado la realidad sanitaria<\/p>\n<p><em>\u201cEstos avances son logros muy importantes. La investigaci\u00f3n, que incluy\u00f3 a ni\u00f1os (incluso prematuros), fue muy s\u00f3lida con todos los requerimientos \u00e9ticos&#8221;,<\/em> indic\u00f3 la acad\u00e9mica, agregando que el programa ministerial que se consolid\u00f3 hace un par de a\u00f1os, ha alcanzado una cobertura sobresaliente. El hito m\u00e1s notable es que no se registraron muertes de lactantes por el VRS por <b>dos a\u00f1os consecutivos<\/b>, consolidando un logro vital en salud p\u00fablica.<\/p>\n<p>En este escenario, la Dra. Lorna Luco aprovech\u00f3 de describir el riguroso proceso \u00e9tico para trabajar con menores de 18 a\u00f1os, como ocurri\u00f3 en estas investigaciones, que requiere la autorizaci\u00f3n del padre, madre o tutor legal (consentimiento informado). Adem\u00e1s, se necesita el <b>&#8220;asentimiento&#8221;<\/b> para ni\u00f1os mayores de 8 o 10 a\u00f1os que ya pueden comprender su inclusi\u00f3n, garantizando que si el ni\u00f1o no quiere participar, no hay participaci\u00f3n, incluso si los padres lo autorizan.<\/p>\n<p><b>\u00c9tica Digital y Cierre Magistral<\/b><\/p>\n<p>El tercer d\u00eda del congreso se enfocar\u00e1 en la <b>\u00e9tica de la informaci\u00f3n<\/b> y la <b>Inteligencia Digital<\/b> (t\u00e9rmino que la experta prefiere sobre Inteligencia Artificial) y que algunas casas de estudios lo est\u00e1n empezando a utilizar.<\/p>\n<p>En este tema, se abordar\u00e1 el desaf\u00edo de la anonimizaci\u00f3n de datos sensibles. la Dra. Luco advirti\u00f3 sobre la <b>&#8220;pseudoanonimizaci\u00f3n&#8221;<\/b>, se\u00f1alando que la <b>&#8220;certeza del 100% de anonimizaci\u00f3n&#8221;<\/b> es dif\u00edcil de garantizar con los avances de la inteligencia artificial, lo que podr\u00eda llevar a modificar los consentimientos informados.<\/p>\n<p>Otros temas a tratar incluyen la bioseguridad, la \u00e9tica en la investigaci\u00f3n en participantes de pueblos originarios, y la integridad del investigador frente a la falsificaci\u00f3n de datos. El congreso finalizar\u00e1 con una conferencia magistral a cargo del <b>Dr. Fernando Lolas<\/b>, connotado \u00e9tico, bioeticista y referente nacional e internacional en la disciplina.<\/p>\n<p><strong>Texto: <\/strong><em>Facultad de Ciencias M\u00e9dicas Usach<\/em><\/p>\t\t\t\t\t\t<\/div>\n\t\t\t\t<\/div>\n\t\t\t\t\t<\/div>\n\t\t<\/div>\n\t\t\t\t\t\t\t<\/div>\n\t\t<\/section>\n\t\t\t\t\t\t\t<\/div>\n\t\t","protected":false},"excerpt":{"rendered":"<p>Los desaf\u00edos \u00e9ticos en la salud p\u00fablica global y los avances nacionales m\u00e1s recientes ser\u00e1n el foco principal del 5\u00ba Congreso Internacional de \u00c9tica y Bio\u00e9tica Usach 2025, que se [&hellip;]<\/p>\n","protected":false},"author":2,"featured_media":3525,"comment_status":"closed","ping_status":"","sticky":false,"template":"","format":"standard","meta":{"_coblocks_attr":"","_coblocks_dimensions":"","_coblocks_responsive_height":"","_coblocks_accordion_ie_support":"","inline_featured_image":false,"_EventAllDay":false,"_EventTimezone":"","_EventStartDate":"","_EventEndDate":"","_EventStartDateUTC":"","_EventEndDateUTC":"","_EventShowMap":false,"_EventShowMapLink":false,"_EventURL":"","_EventCost":"","_EventCostDescription":"","_EventCurrencySymbol":"","_EventCurrencyCode":"","_EventCurrencyPosition":"","_EventDateTimeSeparator":"","_EventTimeRangeSeparator":"","_EventOrganizerID":[],"_EventVenueID":[],"_OrganizerEmail":"","_OrganizerPhone":"","_OrganizerWebsite":"","_VenueAddress":"","_VenueCity":"","_VenueCountry":"","_VenueProvince":"","_VenueState":"","_VenueZip":"","_VenuePhone":"","_VenueURL":"","_VenueStateProvince":"","_VenueLat":"","_VenueLng":"","_VenueShowMap":false,"_VenueShowMapLink":false,"footnotes":""},"categories":[6],"tags":[],"class_list":["post-3524","post","type-post","status-publish","format-standard","has-post-thumbnail","hentry","category-noticias"],"rttpg_featured_image_url":{"full":["https:\/\/www.cei.usach.cl\/wp-content\/uploads\/2025\/11\/Sin-titulo-1100-x-363-px-7-scaled.png",2560,844,false],"landscape":["https:\/\/www.cei.usach.cl\/wp-content\/uploads\/2025\/11\/Sin-titulo-1100-x-363-px-7-scaled.png",2560,844,false],"portraits":["https:\/\/www.cei.usach.cl\/wp-content\/uploads\/2025\/11\/Sin-titulo-1100-x-363-px-7-scaled.png",2560,844,false],"thumbnail":["https:\/\/www.cei.usach.cl\/wp-content\/uploads\/2025\/11\/Sin-titulo-1100-x-363-px-7-150x150.png",150,150,true],"medium":["https:\/\/www.cei.usach.cl\/wp-content\/uploads\/2025\/11\/Sin-titulo-1100-x-363-px-7-300x99.png",300,99,true],"large":["https:\/\/www.cei.usach.cl\/wp-content\/uploads\/2025\/11\/Sin-titulo-1100-x-363-px-7-1024x338.png",1024,338,true],"1536x1536":["https:\/\/www.cei.usach.cl\/wp-content\/uploads\/2025\/11\/Sin-titulo-1100-x-363-px-7-1536x507.png",1536,507,true],"2048x2048":["https:\/\/www.cei.usach.cl\/wp-content\/uploads\/2025\/11\/Sin-titulo-1100-x-363-px-7-2048x676.png",2048,676,true],"rpwe-thumbnail":["https:\/\/www.cei.usach.cl\/wp-content\/uploads\/2025\/11\/Sin-titulo-1100-x-363-px-7-45x45.png",45,45,true]},"rttpg_author":{"display_name":"Comunicaciones VRIIC","author_link":"https:\/\/www.cei.usach.cl\/index.php\/author\/comunicacionesvridei\/"},"rttpg_comment":0,"rttpg_category":"<a href=\"https:\/\/www.cei.usach.cl\/index.php\/category\/noticias\/\" rel=\"category tag\">Noticias<\/a>","rttpg_excerpt":"Los desaf\u00edos \u00e9ticos en la salud p\u00fablica global y los avances nacionales m\u00e1s recientes ser\u00e1n el foco principal del 5\u00ba Congreso Internacional de \u00c9tica y Bio\u00e9tica Usach 2025, que se [&hellip;]","_links":{"self":[{"href":"https:\/\/www.cei.usach.cl\/index.php\/wp-json\/wp\/v2\/posts\/3524","targetHints":{"allow":["GET"]}}],"collection":[{"href":"https:\/\/www.cei.usach.cl\/index.php\/wp-json\/wp\/v2\/posts"}],"about":[{"href":"https:\/\/www.cei.usach.cl\/index.php\/wp-json\/wp\/v2\/types\/post"}],"author":[{"embeddable":true,"href":"https:\/\/www.cei.usach.cl\/index.php\/wp-json\/wp\/v2\/users\/2"}],"replies":[{"embeddable":true,"href":"https:\/\/www.cei.usach.cl\/index.php\/wp-json\/wp\/v2\/comments?post=3524"}],"version-history":[{"count":4,"href":"https:\/\/www.cei.usach.cl\/index.php\/wp-json\/wp\/v2\/posts\/3524\/revisions"}],"predecessor-version":[{"id":3530,"href":"https:\/\/www.cei.usach.cl\/index.php\/wp-json\/wp\/v2\/posts\/3524\/revisions\/3530"}],"wp:featuredmedia":[{"embeddable":true,"href":"https:\/\/www.cei.usach.cl\/index.php\/wp-json\/wp\/v2\/media\/3525"}],"wp:attachment":[{"href":"https:\/\/www.cei.usach.cl\/index.php\/wp-json\/wp\/v2\/media?parent=3524"}],"wp:term":[{"taxonomy":"category","embeddable":true,"href":"https:\/\/www.cei.usach.cl\/index.php\/wp-json\/wp\/v2\/categories?post=3524"},{"taxonomy":"post_tag","embeddable":true,"href":"https:\/\/www.cei.usach.cl\/index.php\/wp-json\/wp\/v2\/tags?post=3524"}],"curies":[{"name":"wp","href":"https:\/\/api.w.org\/{rel}","templated":true}]}}