{"id":3558,"date":"2025-11-20T17:52:04","date_gmt":"2025-11-20T17:52:04","guid":{"rendered":"https:\/\/www.cei.usach.cl\/?p=3558"},"modified":"2025-11-20T17:58:52","modified_gmt":"2025-11-20T17:58:52","slug":"alvaro-moreno-el-objetivo-del-congreso-internacional-de-bioetica-es-establecer-un-dialogo-que-busque-el-equilibrio-entre-la-investigacion-la-regulacion-legal-y-la-evolucion-de-las-normas-in","status":"publish","type":"post","link":"https:\/\/www.cei.usach.cl\/index.php\/2025\/11\/20\/alvaro-moreno-el-objetivo-del-congreso-internacional-de-bioetica-es-establecer-un-dialogo-que-busque-el-equilibrio-entre-la-investigacion-la-regulacion-legal-y-la-evolucion-de-las-normas-in\/","title":{"rendered":"\u00c1lvaro Moreno: \u201cEl objetivo del Congreso Internacional de Bio\u00e9tica es establecer un di\u00e1logo que busque el equilibrio entre la investigaci\u00f3n, la regulaci\u00f3n legal y la evoluci\u00f3n de las normas internacionales\u201d"},"content":{"rendered":"\t\t<div data-elementor-type=\"wp-post\" data-elementor-id=\"3558\" class=\"elementor elementor-3558\" data-elementor-post-type=\"post\">\n\t\t\t\t\t\t\t\t\t<section class=\"elementor-section elementor-top-section elementor-element elementor-element-619a8127 elementor-section-boxed elementor-section-height-default elementor-section-height-default\" data-id=\"619a8127\" data-element_type=\"section\">\n\t\t\t\t\t\t<div class=\"elementor-container elementor-column-gap-default\">\n\t\t\t\t\t<div class=\"elementor-column elementor-col-100 elementor-top-column elementor-element elementor-element-44df0882\" data-id=\"44df0882\" data-element_type=\"column\">\n\t\t\t<div class=\"elementor-widget-wrap elementor-element-populated\">\n\t\t\t\t\t\t\t\t<div class=\"elementor-element elementor-element-14a99caa elementor-widget elementor-widget-text-editor\" data-id=\"14a99caa\" data-element_type=\"widget\" data-widget_type=\"text-editor.default\">\n\t\t\t\t<div class=\"elementor-widget-container\">\n\t\t\t<style>\/*! elementor - v3.17.0 - 08-11-2023 *\/\n.elementor-widget-text-editor.elementor-drop-cap-view-stacked .elementor-drop-cap{background-color:#69727d;color:#fff}.elementor-widget-text-editor.elementor-drop-cap-view-framed .elementor-drop-cap{color:#69727d;border:3px solid;background-color:transparent}.elementor-widget-text-editor:not(.elementor-drop-cap-view-default) .elementor-drop-cap{margin-top:8px}.elementor-widget-text-editor:not(.elementor-drop-cap-view-default) .elementor-drop-cap-letter{width:1em;height:1em}.elementor-widget-text-editor .elementor-drop-cap{float:left;text-align:center;line-height:1;font-size:50px}.elementor-widget-text-editor .elementor-drop-cap-letter{display:inline-block}<\/style>\t\t\t\t<p><em><strong>En el contexto del pr\u00f3ximo 5\u00b0 Congreso Internacional de \u00c9tica y Bio\u00e9tica Usach 2025, el abogado del Comit\u00e9 de \u00c9tica Institucional de la Universidad de Santiago de Chile, \u00c1lvaro Moreno, destac\u00f3 el rol vanguardista de la instituci\u00f3n en la regulaci\u00f3n de la investigaci\u00f3n cient\u00edfica en Chile, abordando temas cruciales como la protecci\u00f3n de datos, la regulaci\u00f3n de la Inteligencia Artificial (IA) y la adopci\u00f3n de normativas internacionales.<\/strong><\/em><\/p>\t\t\t\t\t\t<\/div>\n\t\t\t\t<\/div>\n\t\t\t\t\t<\/div>\n\t\t<\/div>\n\t\t\t\t\t\t\t<\/div>\n\t\t<\/section>\n\t\t\t\t<section class=\"elementor-section elementor-top-section elementor-element elementor-element-8355c54 elementor-section-boxed elementor-section-height-default elementor-section-height-default\" data-id=\"8355c54\" data-element_type=\"section\">\n\t\t\t\t\t\t<div class=\"elementor-container elementor-column-gap-default\">\n\t\t\t\t\t<div class=\"elementor-column elementor-col-100 elementor-top-column elementor-element elementor-element-718d7b70\" data-id=\"718d7b70\" data-element_type=\"column\">\n\t\t\t<div class=\"elementor-widget-wrap elementor-element-populated\">\n\t\t\t\t\t\t\t\t<div class=\"elementor-element elementor-element-6b2f5838 elementor-widget elementor-widget-text-editor\" data-id=\"6b2f5838\" data-element_type=\"widget\" data-widget_type=\"text-editor.default\">\n\t\t\t\t<div class=\"elementor-widget-container\">\n\t\t\t\t\t\t\t<p><span style=\"font-weight: 400;\">El Comit\u00e9 de \u00c9tica de la USACH cuenta con m\u00e1s de 15 a\u00f1os de trayectoria y es el <\/span><b>primer comit\u00e9 de \u00e9tica cient\u00edfico acreditado en Chile<\/b><span style=\"font-weight: 400;\">. Moreno enfatiz\u00f3 que la caracter\u00edstica principal del comit\u00e9 que lo distingue de otros es su conformaci\u00f3n transversal y diversa. \u201cEs un comit\u00e9 central que abarca cinco \u00e1reas de conocimiento y revisi\u00f3n de proyectos de investigaci\u00f3n: Ingenier\u00eda, Qu\u00edmica y Medio Ambiente, Ciencias M\u00e9dicas y Bioqu\u00edmicas\/Biomedicina, Humanidades y Ciencias Econ\u00f3micas, y Animales.&nbsp;<\/span><\/p>\n<p><span style=\"font-weight: 400;\">Esta estructura permite que se produzca un di\u00e1logo enriquecedor entre diferentes \u00e1reas, lo cual es vital para proyectos de investigaci\u00f3n transversales, especialmente en el contexto de la Inteligencia Artificial (IA), como el uso de la IA en diagn\u00f3sticos de ex\u00e1menes m\u00e9dicos\u201d, explic\u00f3 el abogado.<\/span><\/p>\n<p><span style=\"font-weight: 400;\">Respecto al proceso de revisi\u00f3n de proyectos, \u00c1lvaro Moreno describi\u00f3 que \u201cbusca ser lo m\u00e1s expedito posible, ingresando el proyecto junto con los antecedentes (como el consentimiento informado). El comit\u00e9 tiene legalmente 45 d\u00edas para emitir informes, aunque en la pr\u00e1ctica suele tardar dos semanas en emitir el primer informe (Aprobado, Pendiente con Observaciones o, excepcionalmente, Rechazo)\u201d. De esta manera, el objetivo primordial del comit\u00e9 es proteger al participante de la investigaci\u00f3n, una modificaci\u00f3n conceptual adoptada de la \u00faltima Declaraci\u00f3n de Helsinki (cambiando &#8220;sujeto de estudio&#8221; por &#8220;participante&#8221;).<\/span><\/p>\n<p><b>Avances legislativos y la nueva ley de protecci\u00f3n de datos<\/b><\/p>\n<p><span style=\"font-weight: 400;\">En cuanto al marco regulatorio, Moreno se\u00f1al\u00f3 que la legislaci\u00f3n chilena debe complementarse con <\/span><b>normas internacionales<\/b><span style=\"font-weight: 400;\">, dado que el desarrollo de la investigaci\u00f3n es m\u00e1s r\u00e1pido que el proceso legislativo. Los pilares que inspiran la regulaci\u00f3n son las Declaraciones de Helsinki y los tratados de derechos humanos.<\/span><\/p>\n<p><span style=\"font-weight: 400;\">Un cambio fundamental es la <\/span><b>nueva Ley de Protecci\u00f3n de Datos Personales (Ley 21.719)<\/b><span style=\"font-weight: 400;\">, publicada en diciembre del a\u00f1o pasado. Ante esto, Moreno detall\u00f3 que \u201cesta ley, que sigue el modelo de la Comunidad Europea en protecci\u00f3n de datos, a\u00fan se encuentra en un periodo de vacancia legal y deber\u00e1 estar 100% vigente en diciembre de 2026\u201d.<\/span><\/p>\n<p><span style=\"font-weight: 400;\">La nueva normativa trae modificaciones significativas, pues flexibiliza en cierta medida la investigaci\u00f3n cuando se realiza con datos anonimizados. Esto se acoge en parte a las modificaciones de las pautas internacionales, que permiten solicitar la dispensa del consentimiento informado en ciertas excepciones.<\/span><\/p>\n<p><b>Regulaci\u00f3n de la Inteligencia Artificial y neuroderechos<\/b><\/p>\n<p><span style=\"font-weight: 400;\">En el \u00e1mbito de la IA, el abogado destac\u00f3 que Chile es uno de los pa\u00edses pioneros en Am\u00e9rica Latina en la regulaci\u00f3n de la Inteligencia Artificial y la protecci\u00f3n de datos personales. La CIMED (Comit\u00e9 Interministerial para el Desarrollo de la Inteligencia Artificial) ha servido como motor para la regulaci\u00f3n de este proyecto de ley, que recientemente pas\u00f3 al Senado. Esta regulaci\u00f3n de IA sigue el modelo de la Uni\u00f3n Europea, que se basa en una teor\u00eda de riesgo (riesgos inaceptables, alto riesgo, l\u00edmite y bajo riesgo).<\/span><\/p>\n<p><span style=\"font-weight: 400;\">Respecto a la adopci\u00f3n del modelo europeo sobre el estadounidense (que es m\u00e1s flexible), Moreno atribuy\u00f3 la decisi\u00f3n a pol\u00edticas econ\u00f3micas, \u201cya que una legislaci\u00f3n compatible con la Uni\u00f3n Europea facilita la homologaci\u00f3n de procedimientos para operaciones comerciales y transferencia tecnol\u00f3gica\u201d, argument\u00f3. Adicionalmente, se destac\u00f3 que Chile es uno de los primeros pa\u00edses en el mundo en tener regulada la protecci\u00f3n de los neuroderechos en la Constituci\u00f3n.<\/span><\/p>\n<p><b>El Congreso como espacio de di\u00e1logo \u00e9tico<\/b><\/p>\n<p><span style=\"font-weight: 400;\">El objetivo fundamental de esta quinta edici\u00f3n del Congreso Internacional de Bio\u00e9tica es establecer un<\/span> <span style=\"font-weight: 400;\">di\u00e1logo que busque el equilibrio entre la investigaci\u00f3n, la protecci\u00f3n de los participantes del estudio, la regulaci\u00f3n legal y la evoluci\u00f3n de las normas internacionales.<\/span><\/p>\n<p>Finalmente, el abogado Moreno concluy\u00f3 que la esperanza de cara al futuro, en \u00e1reas como la edici\u00f3n gen\u00e9tica o el desarrollo cient\u00edfico, es que la investigaci\u00f3n siempre tenga como l\u00edmite infranqueable la protecci\u00f3n de los derechos humanos. \u201cLa investigaci\u00f3n es fundamental para el desarrollo, pero no podemos realizar cualquier acci\u00f3n con que la finalidad sea investigar\u201d, concluy\u00f3.<br><br><b>Texto y fotograf\u00eda: <\/b><i>Facultad de Ciencias M\u00e9dicas Usach<\/i><\/p>\t\t\t\t\t\t<\/div>\n\t\t\t\t<\/div>\n\t\t\t\t\t<\/div>\n\t\t<\/div>\n\t\t\t\t\t\t\t<\/div>\n\t\t<\/section>\n\t\t\t\t\t\t\t<\/div>\n\t\t","protected":false},"excerpt":{"rendered":"<p>En el contexto del pr\u00f3ximo 5\u00b0 Congreso Internacional de \u00c9tica y Bio\u00e9tica Usach 2025, el abogado del Comit\u00e9 de \u00c9tica Institucional de la Universidad de Santiago de Chile, \u00c1lvaro Moreno, [&hellip;]<\/p>\n","protected":false},"author":2,"featured_media":3560,"comment_status":"closed","ping_status":"","sticky":false,"template":"","format":"standard","meta":{"_coblocks_attr":"","_coblocks_dimensions":"","_coblocks_responsive_height":"","_coblocks_accordion_ie_support":"","inline_featured_image":false,"_EventAllDay":false,"_EventTimezone":"","_EventStartDate":"","_EventEndDate":"","_EventStartDateUTC":"","_EventEndDateUTC":"","_EventShowMap":false,"_EventShowMapLink":false,"_EventURL":"","_EventCost":"","_EventCostDescription":"","_EventCurrencySymbol":"","_EventCurrencyCode":"","_EventCurrencyPosition":"","_EventDateTimeSeparator":"","_EventTimeRangeSeparator":"","_EventOrganizerID":[],"_EventVenueID":[],"_OrganizerEmail":"","_OrganizerPhone":"","_OrganizerWebsite":"","_VenueAddress":"","_VenueCity":"","_VenueCountry":"","_VenueProvince":"","_VenueState":"","_VenueZip":"","_VenuePhone":"","_VenueURL":"","_VenueStateProvince":"","_VenueLat":"","_VenueLng":"","_VenueShowMap":false,"_VenueShowMapLink":false,"footnotes":""},"categories":[6,1],"tags":[],"class_list":["post-3558","post","type-post","status-publish","format-standard","has-post-thumbnail","hentry","category-noticias","category-uncategorized"],"rttpg_featured_image_url":{"full":["https:\/\/www.cei.usach.cl\/wp-content\/uploads\/2025\/11\/DSC01290-scaled.jpg",2560,1707,false],"landscape":["https:\/\/www.cei.usach.cl\/wp-content\/uploads\/2025\/11\/DSC01290-scaled.jpg",2560,1707,false],"portraits":["https:\/\/www.cei.usach.cl\/wp-content\/uploads\/2025\/11\/DSC01290-scaled.jpg",2560,1707,false],"thumbnail":["https:\/\/www.cei.usach.cl\/wp-content\/uploads\/2025\/11\/DSC01290-150x150.jpg",150,150,true],"medium":["https:\/\/www.cei.usach.cl\/wp-content\/uploads\/2025\/11\/DSC01290-300x200.jpg",300,200,true],"large":["https:\/\/www.cei.usach.cl\/wp-content\/uploads\/2025\/11\/DSC01290-1024x683.jpg",1024,683,true],"1536x1536":["https:\/\/www.cei.usach.cl\/wp-content\/uploads\/2025\/11\/DSC01290-1536x1024.jpg",1536,1024,true],"2048x2048":["https:\/\/www.cei.usach.cl\/wp-content\/uploads\/2025\/11\/DSC01290-2048x1365.jpg",2048,1365,true],"rpwe-thumbnail":["https:\/\/www.cei.usach.cl\/wp-content\/uploads\/2025\/11\/DSC01290-45x45.jpg",45,45,true]},"rttpg_author":{"display_name":"Comunicaciones VRIIC","author_link":"https:\/\/www.cei.usach.cl\/index.php\/author\/comunicacionesvridei\/"},"rttpg_comment":0,"rttpg_category":"<a href=\"https:\/\/www.cei.usach.cl\/index.php\/category\/noticias\/\" rel=\"category tag\">Noticias<\/a> <a href=\"https:\/\/www.cei.usach.cl\/index.php\/category\/uncategorized\/\" rel=\"category tag\">Uncategorized<\/a>","rttpg_excerpt":"En el contexto del pr\u00f3ximo 5\u00b0 Congreso Internacional de \u00c9tica y Bio\u00e9tica Usach 2025, el abogado del Comit\u00e9 de \u00c9tica Institucional de la Universidad de Santiago de Chile, \u00c1lvaro Moreno, [&hellip;]","_links":{"self":[{"href":"https:\/\/www.cei.usach.cl\/index.php\/wp-json\/wp\/v2\/posts\/3558","targetHints":{"allow":["GET"]}}],"collection":[{"href":"https:\/\/www.cei.usach.cl\/index.php\/wp-json\/wp\/v2\/posts"}],"about":[{"href":"https:\/\/www.cei.usach.cl\/index.php\/wp-json\/wp\/v2\/types\/post"}],"author":[{"embeddable":true,"href":"https:\/\/www.cei.usach.cl\/index.php\/wp-json\/wp\/v2\/users\/2"}],"replies":[{"embeddable":true,"href":"https:\/\/www.cei.usach.cl\/index.php\/wp-json\/wp\/v2\/comments?post=3558"}],"version-history":[{"count":4,"href":"https:\/\/www.cei.usach.cl\/index.php\/wp-json\/wp\/v2\/posts\/3558\/revisions"}],"predecessor-version":[{"id":3563,"href":"https:\/\/www.cei.usach.cl\/index.php\/wp-json\/wp\/v2\/posts\/3558\/revisions\/3563"}],"wp:featuredmedia":[{"embeddable":true,"href":"https:\/\/www.cei.usach.cl\/index.php\/wp-json\/wp\/v2\/media\/3560"}],"wp:attachment":[{"href":"https:\/\/www.cei.usach.cl\/index.php\/wp-json\/wp\/v2\/media?parent=3558"}],"wp:term":[{"taxonomy":"category","embeddable":true,"href":"https:\/\/www.cei.usach.cl\/index.php\/wp-json\/wp\/v2\/categories?post=3558"},{"taxonomy":"post_tag","embeddable":true,"href":"https:\/\/www.cei.usach.cl\/index.php\/wp-json\/wp\/v2\/tags?post=3558"}],"curies":[{"name":"wp","href":"https:\/\/api.w.org\/{rel}","templated":true}]}}