{"id":3569,"date":"2025-12-02T14:56:19","date_gmt":"2025-12-02T14:56:19","guid":{"rendered":"https:\/\/www.cei.usach.cl\/?p=3569"},"modified":"2025-12-03T13:59:00","modified_gmt":"2025-12-03T13:59:00","slug":"congreso-internacional-usach-abordo-los-dilemas-eticos-de-la-investigacion-la-salud-publica-y-la-inteligencia-artificial","status":"publish","type":"post","link":"https:\/\/www.cei.usach.cl\/index.php\/2025\/12\/02\/congreso-internacional-usach-abordo-los-dilemas-eticos-de-la-investigacion-la-salud-publica-y-la-inteligencia-artificial\/","title":{"rendered":"Congreso internacional Usach abord\u00f3 los dilemas \u00e9ticos de la investigaci\u00f3n, la salud p\u00fablica y la inteligencia artificial"},"content":{"rendered":"\t\t<div data-elementor-type=\"wp-post\" data-elementor-id=\"3569\" class=\"elementor elementor-3569\" data-elementor-post-type=\"post\">\n\t\t\t\t\t\t\t\t\t<section class=\"elementor-section elementor-top-section elementor-element elementor-element-1d51eff3 elementor-section-boxed elementor-section-height-default elementor-section-height-default\" data-id=\"1d51eff3\" data-element_type=\"section\">\n\t\t\t\t\t\t<div class=\"elementor-container elementor-column-gap-default\">\n\t\t\t\t\t<div class=\"elementor-column elementor-col-100 elementor-top-column elementor-element elementor-element-195ba946\" data-id=\"195ba946\" data-element_type=\"column\">\n\t\t\t<div class=\"elementor-widget-wrap elementor-element-populated\">\n\t\t\t\t\t\t\t\t<div class=\"elementor-element elementor-element-76f7b55c elementor-widget elementor-widget-text-editor\" data-id=\"76f7b55c\" data-element_type=\"widget\" data-widget_type=\"text-editor.default\">\n\t\t\t\t<div class=\"elementor-widget-container\">\n\t\t\t<style>\/*! elementor - v3.17.0 - 08-11-2023 *\/\n.elementor-widget-text-editor.elementor-drop-cap-view-stacked .elementor-drop-cap{background-color:#69727d;color:#fff}.elementor-widget-text-editor.elementor-drop-cap-view-framed .elementor-drop-cap{color:#69727d;border:3px solid;background-color:transparent}.elementor-widget-text-editor:not(.elementor-drop-cap-view-default) .elementor-drop-cap{margin-top:8px}.elementor-widget-text-editor:not(.elementor-drop-cap-view-default) .elementor-drop-cap-letter{width:1em;height:1em}.elementor-widget-text-editor .elementor-drop-cap{float:left;text-align:center;line-height:1;font-size:50px}.elementor-widget-text-editor .elementor-drop-cap-letter{display:inline-block}<\/style>\t\t\t\t<p><em><strong>El encuentro reuni\u00f3 a m\u00e1s de 170 especialistas de distintas regiones del pa\u00eds junto a destacados invitados internacionales, con el prop\u00f3sito de discutir los desaf\u00edos \u00e9ticos del presente y proyectar nuevos criterios y herramientas que fortalezcan la evaluaci\u00f3n \u00e9tica en \u00e1mbitos cient\u00edficos, tecnol\u00f3gicos y sociales. La actividad fue desarrollada por el Comit\u00e9 de \u00c9tica Institucional, perteneciente a la Vicerrector\u00eda de Investigaci\u00f3n, Innovaci\u00f3n y Creaci\u00f3n, en conjunto con la Facultad de Ciencias M\u00e9dicas y la Facultad de Ingenier\u00eda. Adem\u00e1s cont\u00f3 con el patrocinio de la Fundaci\u00f3n espa\u00f1ola V\u00edctor Gr\u00edfols y del Ministerio de Salud.<\/strong><\/em><\/p>\t\t\t\t\t\t<\/div>\n\t\t\t\t<\/div>\n\t\t\t\t\t<\/div>\n\t\t<\/div>\n\t\t\t\t\t\t\t<\/div>\n\t\t<\/section>\n\t\t\t\t<section class=\"elementor-section elementor-top-section elementor-element elementor-element-5d71f266 elementor-section-boxed elementor-section-height-default elementor-section-height-default\" data-id=\"5d71f266\" data-element_type=\"section\">\n\t\t\t\t\t\t<div class=\"elementor-container elementor-column-gap-default\">\n\t\t\t\t\t<div class=\"elementor-column elementor-col-100 elementor-top-column elementor-element elementor-element-32d67ccb\" data-id=\"32d67ccb\" data-element_type=\"column\">\n\t\t\t<div class=\"elementor-widget-wrap elementor-element-populated\">\n\t\t\t\t\t\t\t\t<div class=\"elementor-element elementor-element-1e393d elementor-widget elementor-widget-text-editor\" data-id=\"1e393d\" data-element_type=\"widget\" data-widget_type=\"text-editor.default\">\n\t\t\t\t<div class=\"elementor-widget-container\">\n\t\t\t\t\t\t\t<p><span style=\"font-weight: 400;\">Bajo el lema \u201cAbriendo espacios para la deliberaci\u00f3n de temas emergentes\u201d, el encuentro se realiz\u00f3 los d\u00edas 26, 27 y 28 de noviembre y congreg\u00f3 a comunidades acad\u00e9micas, comit\u00e9s de \u00e9tica y especialistas de diversas \u00e1reas para reflexionar colectivamente sobre los desaf\u00edos que hoy atraviesan la \u00e9tica y la bio\u00e9tica en un contexto de acelerado desarrollo cient\u00edfico y tecnol\u00f3gico.<\/span><\/p><p><span style=\"font-weight: 400;\">En esta quinta versi\u00f3n, el congreso contempl\u00f3 tres ejes tem\u00e1ticos relevantes para la discusi\u00f3n contempor\u00e1nea: \u00c9tica, salud p\u00fablica y medio ambiente, \u00c9tica de la investigaci\u00f3n e Inteligencia artificial en donde se abordaron temas como la justicia sanitaria, la sostenibilidad ambiental, la integridad cient\u00edfica y las implicancias morales del desarrollo tecnol\u00f3gico, promoviendo una mirada cr\u00edtica y responsable sobre el rol de la ciencia en la sociedad.<\/span><\/p><p><span style=\"font-weight: 400;\">Al respecto, el Vicerrector de Investigaci\u00f3n, Innovaci\u00f3n y Creaci\u00f3n, Dr. Pablo Donoso, destac\u00f3 la relevancia del congreso como un espacio de reflexi\u00f3n colectiva frente a los desaf\u00edos \u00e9ticos que acompa\u00f1an al conocimiento y la tecnolog\u00eda:<\/span><\/p><p><i><span style=\"font-weight: 400;\">\u201cLa \u00e9tica y la bio\u00e9tica se vuelven pilares indispensables para orientar nuestras decisiones. No basta con preguntarnos qu\u00e9 podemos hacer; debemos preguntarnos, con igual rigor, qu\u00e9 debemos hacer y para qu\u00e9. Este congreso es una expresi\u00f3n de ese compromiso: un espacio donde convergen saberes, disciplinas y experiencias diversas para pensar juntos los dilemas morales que acompa\u00f1an a la ciencia, la salud, la tecnolog\u00eda y el medioambiente\u201d,<\/span><\/i><span style=\"font-weight: 400;\"> se\u00f1al\u00f3.<\/span><span style=\"font-weight: 400;\"><br \/><\/span><span style=\"font-weight: 400;\"><br \/><\/span><b>Reflexiones y retos<\/b><\/p><p><span style=\"font-weight: 400;\">Durante las jornadas se discutieron retos que hoy atraviesan a los comit\u00e9s de \u00e9tica del pa\u00eds, especialmente frente al aumento de proyectos vinculados a inteligencia artificial, cuyo impacto en la vida cotidiana, particularmente en las nuevas generaciones, exige nuevas capacidades y criterios de evaluaci\u00f3n.\u00a0<\/span><\/p><p><span style=\"font-weight: 400;\">Para el presidente del Comit\u00e9 de \u00c9tica, Dr. Jairo Venegas, el encuentro permiti\u00f3 recoger una visi\u00f3n amplia sobre el estado actual del trabajo que hace un comit\u00e9. En ese sentido, la diversidad de ponencias y la presencia de comit\u00e9s de distintas regiones hicieron visible la complejidad de los desaf\u00edos que enfrenta hoy la evaluaci\u00f3n \u00e9tica, desde las discusiones en salud p\u00fablica hasta la necesidad de fortalecer los procesos de capacitaci\u00f3n y acreditaci\u00f3n.<\/span><\/p><p><i><span style=\"font-weight: 400;\">\u201cM\u00e1s que respuestas cerradas, este congreso nos deja una serie de retos importantes. La participaci\u00f3n de comit\u00e9s de distintas regiones mostr\u00f3 que cada territorio enfrenta realidades y necesidades distintas, y que la formaci\u00f3n continua es clave para fortalecer nuestro trabajo \u00e9tico y avanzar hacia evaluaciones m\u00e1s s\u00f3lidas y coherentes\u201d,<\/span><\/i><span style=\"font-weight: 400;\"> afirm\u00f3.<\/span><\/p><p><span style=\"font-weight: 400;\">Un punto que tambi\u00e9n marc\u00f3 la discusi\u00f3n fue la necesidad de profundizar en herramientas de evaluaci\u00f3n que reconozcan las particularidades culturales de ciertos contextos de investigaci\u00f3n, especialmente cuando se trabaja con comunidades que entienden la participaci\u00f3n y la toma de decisiones desde modelos colectivos. Esto implica fortalecer criterios que integren dimensiones \u00e9ticas propias de cada comunidad y avanzar hacia procedimientos que valoren las relaciones, los acuerdos y la construcci\u00f3n conjunta del conocimiento, m\u00e1s all\u00e1 de los formatos tradicionales utilizados en la evaluaci\u00f3n \u00e9tica.<\/span><\/p><p><i><span style=\"font-weight: 400;\">\u201cMuchos proyectos no pueden evaluarse s\u00f3lo con una lista de verificaci\u00f3n. Cuando trabajamos con pueblos originarios, adolescentes u otros grupos con din\u00e1micas propias, debemos entender que sus realidades no encajan en criterios estandarizados. Esto nos obliga a adaptar los instrumentos y a moldear nuestros procesos de evaluaci\u00f3n, incluso frente a temas m\u00e1s globales como la inteligencia artificial\u201d, se\u00f1al\u00f3 el Dr. Jairo Venegas.<\/span><\/i><\/p><p><b>Investigaciones premiadas<\/b><\/p><p><span style=\"font-weight: 400;\">En esta quinta versi\u00f3n, el congreso tambi\u00e9n reconoci\u00f3 a los trabajos destacados en modalidad p\u00f3ster. Uno de ellos fue \u201cAvances en modelos alternativos a animales: organoides y \u00f3rganos en chip utilizados en investigaci\u00f3n biom\u00e9dica\u201d, presentado por un equipo de la Universidad Bernardo O\u2019Higgins, el cual es un estudio que revisa el desarrollo y potencial de estas tecnolog\u00edas como alternativas \u00e9ticas y m\u00e1s predictivas frente al tradicional uso de animales en investigaci\u00f3n, destacando su capacidad para simular funciones humanas con alta precisi\u00f3n y su aporte al principio de las 3R en investigaci\u00f3n biom\u00e9dica.<\/span><\/p><p><span style=\"font-weight: 400;\">El segundo trabajo premiado fue \u201cGu\u00edas, protocolos y orientaciones para el uso de inteligencia artificial en educaci\u00f3n m\u00e9dica: consideraciones \u00e9ticas\u201d, tambi\u00e9n desarrollado por investigadores de la Universidad Bernardo O\u2019Higgins, el cual analiz\u00f3 recomendaciones internacionales para el uso responsable de IA en formaci\u00f3n m\u00e9dica, poniendo \u00e9nfasis en desaf\u00edos como la transparencia algor\u00edtmica, la protecci\u00f3n de datos sensibles, los sesgos y la centralidad del juicio humano, as\u00ed como la necesidad de que instituciones formativas cuenten con pol\u00edticas claras y procesos de evaluaci\u00f3n continua.<\/span><\/p><p><span style=\"font-weight: 400;\">Por \u00faltimo, el Dr. Jairo Vanegas aprovech\u00f3 la instancia para destacar el trabajo conjunto que permiti\u00f3 dar vida al encuentro, mencionando que:<\/span><span style=\"font-weight: 400;\"><br \/><\/span><span style=\"font-weight: 400;\"><br \/><\/span><i><span style=\"font-weight: 400;\">\u201cDetr\u00e1s de este congreso hubo un equipo comprometido desde el inicio. Tanto la Vicerrector\u00eda de Investigaci\u00f3n como las y los funcionarios y acad\u00e9micos del Comit\u00e9 de \u00c9tica aportaron horas de trabajo y dedicaci\u00f3n. Sin ese esfuerzo colectivo, este tipo de instancias no ser\u00edan posibles. La \u00e9tica se construye en di\u00e1logo, pero tambi\u00e9n en colaboraci\u00f3n\u201d.<br \/><br \/><\/span><\/i><em><span style=\"font-weight: 400;\"><strong>Texto:<\/strong><\/span><span style=\"font-weight: 400;\"> Camilo Araya Bernales<\/span><\/em><\/p><p><em><strong>Fotograf\u00edas:<\/strong> Comunicaciones Vriic<\/em><\/p>\t\t\t\t\t\t<\/div>\n\t\t\t\t<\/div>\n\t\t\t\t\t<\/div>\n\t\t<\/div>\n\t\t\t\t\t\t\t<\/div>\n\t\t<\/section>\n\t\t<div class=\"elementor-element elementor-element-7115d68 e-flex e-con-boxed e-con e-parent\" data-id=\"7115d68\" data-element_type=\"container\" data-settings=\"{&quot;content_width&quot;:&quot;boxed&quot;}\" data-core-v316-plus=\"true\">\n\t\t\t\t\t<div class=\"e-con-inner\">\n\t\t\t\t<div class=\"elementor-element elementor-element-334ad81 elementor-arrows-position-inside elementor-pagination-position-outside elementor-widget elementor-widget-image-carousel\" data-id=\"334ad81\" data-element_type=\"widget\" data-settings=\"{&quot;slides_to_show&quot;:&quot;1&quot;,&quot;navigation&quot;:&quot;both&quot;,&quot;autoplay&quot;:&quot;yes&quot;,&quot;pause_on_hover&quot;:&quot;yes&quot;,&quot;pause_on_interaction&quot;:&quot;yes&quot;,&quot;autoplay_speed&quot;:5000,&quot;infinite&quot;:&quot;yes&quot;,&quot;effect&quot;:&quot;slide&quot;,&quot;speed&quot;:500}\" data-widget_type=\"image-carousel.default\">\n\t\t\t\t<div class=\"elementor-widget-container\">\n\t\t\t<style>\/*! elementor - v3.17.0 - 08-11-2023 *\/\n.elementor-widget-image-carousel .swiper,.elementor-widget-image-carousel .swiper-container{position:static}.elementor-widget-image-carousel .swiper-container .swiper-slide figure,.elementor-widget-image-carousel .swiper .swiper-slide figure{line-height:inherit}.elementor-widget-image-carousel .swiper-slide{text-align:center}.elementor-image-carousel-wrapper:not(.swiper-container-initialized):not(.swiper-initialized) .swiper-slide{max-width:calc(100% \/ var(--e-image-carousel-slides-to-show, 3))}<\/style>\t\t<div class=\"elementor-image-carousel-wrapper swiper-container\" dir=\"ltr\">\n\t\t\t<div class=\"elementor-image-carousel swiper-wrapper\" aria-live=\"off\">\n\t\t\t\t\t\t\t\t<div class=\"swiper-slide\" role=\"group\" aria-roledescription=\"slide\" aria-label=\"1 of 11\"><figure class=\"swiper-slide-inner\"><img decoding=\"async\" class=\"swiper-slide-image\" src=\"https:\/\/www.cei.usach.cl\/wp-content\/uploads\/2025\/12\/CEI-10-scaled.jpg\" alt=\"CEI-10\" \/><\/figure><\/div><div class=\"swiper-slide\" role=\"group\" aria-roledescription=\"slide\" aria-label=\"2 of 11\"><figure class=\"swiper-slide-inner\"><img decoding=\"async\" class=\"swiper-slide-image\" src=\"https:\/\/www.cei.usach.cl\/wp-content\/uploads\/2025\/12\/CEI-14-scaled.jpg\" alt=\"CEI-14\" \/><\/figure><\/div><div class=\"swiper-slide\" role=\"group\" aria-roledescription=\"slide\" aria-label=\"3 of 11\"><figure class=\"swiper-slide-inner\"><img decoding=\"async\" class=\"swiper-slide-image\" src=\"https:\/\/www.cei.usach.cl\/wp-content\/uploads\/2025\/12\/CEI-11-scaled.jpg\" alt=\"CEI-11\" \/><\/figure><\/div><div class=\"swiper-slide\" role=\"group\" aria-roledescription=\"slide\" aria-label=\"4 of 11\"><figure class=\"swiper-slide-inner\"><img decoding=\"async\" class=\"swiper-slide-image\" src=\"https:\/\/www.cei.usach.cl\/wp-content\/uploads\/2025\/12\/CEI-5-scaled.jpg\" alt=\"CEI-5\" \/><\/figure><\/div><div class=\"swiper-slide\" role=\"group\" aria-roledescription=\"slide\" aria-label=\"5 of 11\"><figure class=\"swiper-slide-inner\"><img decoding=\"async\" class=\"swiper-slide-image\" src=\"https:\/\/www.cei.usach.cl\/wp-content\/uploads\/2025\/12\/CEI-8-scaled.jpg\" alt=\"CEI-8\" \/><\/figure><\/div><div class=\"swiper-slide\" role=\"group\" aria-roledescription=\"slide\" aria-label=\"6 of 11\"><figure class=\"swiper-slide-inner\"><img decoding=\"async\" class=\"swiper-slide-image\" src=\"https:\/\/www.cei.usach.cl\/wp-content\/uploads\/2025\/12\/CEI-6-scaled.jpg\" alt=\"CEI-6\" \/><\/figure><\/div><div class=\"swiper-slide\" role=\"group\" aria-roledescription=\"slide\" aria-label=\"7 of 11\"><figure class=\"swiper-slide-inner\"><img decoding=\"async\" class=\"swiper-slide-image\" src=\"https:\/\/www.cei.usach.cl\/wp-content\/uploads\/2025\/12\/CEI-9-scaled.jpg\" alt=\"CEI-9\" \/><\/figure><\/div><div class=\"swiper-slide\" role=\"group\" aria-roledescription=\"slide\" aria-label=\"8 of 11\"><figure class=\"swiper-slide-inner\"><img decoding=\"async\" class=\"swiper-slide-image\" src=\"https:\/\/www.cei.usach.cl\/wp-content\/uploads\/2025\/12\/CEI-15-scaled.jpg\" alt=\"CEI-15\" \/><\/figure><\/div><div class=\"swiper-slide\" role=\"group\" aria-roledescription=\"slide\" aria-label=\"9 of 11\"><figure class=\"swiper-slide-inner\"><img decoding=\"async\" class=\"swiper-slide-image\" src=\"https:\/\/www.cei.usach.cl\/wp-content\/uploads\/2025\/12\/DOF-3-scaled.jpg\" alt=\"DOF-3\" \/><\/figure><\/div><div class=\"swiper-slide\" role=\"group\" aria-roledescription=\"slide\" aria-label=\"10 of 11\"><figure class=\"swiper-slide-inner\"><img decoding=\"async\" class=\"swiper-slide-image\" src=\"https:\/\/www.cei.usach.cl\/wp-content\/uploads\/2025\/12\/DOF-6-scaled.jpg\" alt=\"DOF-6\" \/><\/figure><\/div><div class=\"swiper-slide\" role=\"group\" aria-roledescription=\"slide\" aria-label=\"11 of 11\"><figure class=\"swiper-slide-inner\"><img decoding=\"async\" class=\"swiper-slide-image\" src=\"https:\/\/www.cei.usach.cl\/wp-content\/uploads\/2025\/12\/CEI-17.jpg\" alt=\"CEI-17\" \/><\/figure><\/div>\t\t\t<\/div>\n\t\t\t\t\t\t\t\t\t\t\t\t<div class=\"elementor-swiper-button elementor-swiper-button-prev\" role=\"button\" tabindex=\"0\">\n\t\t\t\t\t\t<i aria-hidden=\"true\" class=\"eicon-chevron-left\"><\/i>\t\t\t\t\t<\/div>\n\t\t\t\t\t<div class=\"elementor-swiper-button elementor-swiper-button-next\" role=\"button\" tabindex=\"0\">\n\t\t\t\t\t\t<i aria-hidden=\"true\" class=\"eicon-chevron-right\"><\/i>\t\t\t\t\t<\/div>\n\t\t\t\t\n\t\t\t\t\t\t\t\t\t<div class=\"swiper-pagination\"><\/div>\n\t\t\t\t\t\t\t\t\t<\/div>\n\t\t\t\t<\/div>\n\t\t\t\t<\/div>\n\t\t\t\t\t<\/div>\n\t\t\t\t<\/div>\n\t\t\t\t\t\t\t<\/div>\n\t\t","protected":false},"excerpt":{"rendered":"<p>El encuentro reuni\u00f3 a m\u00e1s de 170 especialistas de distintas regiones del pa\u00eds junto a destacados invitados internacionales, con el prop\u00f3sito de discutir los desaf\u00edos \u00e9ticos del presente y proyectar [&hellip;]<\/p>\n","protected":false},"author":2,"featured_media":3571,"comment_status":"closed","ping_status":"","sticky":false,"template":"","format":"standard","meta":{"_coblocks_attr":"","_coblocks_dimensions":"","_coblocks_responsive_height":"","_coblocks_accordion_ie_support":"","inline_featured_image":false,"_EventAllDay":false,"_EventTimezone":"","_EventStartDate":"","_EventEndDate":"","_EventStartDateUTC":"","_EventEndDateUTC":"","_EventShowMap":false,"_EventShowMapLink":false,"_EventURL":"","_EventCost":"","_EventCostDescription":"","_EventCurrencySymbol":"","_EventCurrencyCode":"","_EventCurrencyPosition":"","_EventDateTimeSeparator":"","_EventTimeRangeSeparator":"","_EventOrganizerID":[],"_EventVenueID":[],"_OrganizerEmail":"","_OrganizerPhone":"","_OrganizerWebsite":"","_VenueAddress":"","_VenueCity":"","_VenueCountry":"","_VenueProvince":"","_VenueState":"","_VenueZip":"","_VenuePhone":"","_VenueURL":"","_VenueStateProvince":"","_VenueLat":"","_VenueLng":"","_VenueShowMap":false,"_VenueShowMapLink":false,"footnotes":""},"categories":[6,1],"tags":[],"class_list":["post-3569","post","type-post","status-publish","format-standard","has-post-thumbnail","hentry","category-noticias","category-uncategorized"],"rttpg_featured_image_url":{"full":["https:\/\/www.cei.usach.cl\/wp-content\/uploads\/2025\/12\/Sin-titulo-1100-x-363-px-13-scaled.png",2560,844,false],"landscape":["https:\/\/www.cei.usach.cl\/wp-content\/uploads\/2025\/12\/Sin-titulo-1100-x-363-px-13-scaled.png",2560,844,false],"portraits":["https:\/\/www.cei.usach.cl\/wp-content\/uploads\/2025\/12\/Sin-titulo-1100-x-363-px-13-scaled.png",2560,844,false],"thumbnail":["https:\/\/www.cei.usach.cl\/wp-content\/uploads\/2025\/12\/Sin-titulo-1100-x-363-px-13-150x150.png",150,150,true],"medium":["https:\/\/www.cei.usach.cl\/wp-content\/uploads\/2025\/12\/Sin-titulo-1100-x-363-px-13-300x99.png",300,99,true],"large":["https:\/\/www.cei.usach.cl\/wp-content\/uploads\/2025\/12\/Sin-titulo-1100-x-363-px-13-1024x338.png",1024,338,true],"1536x1536":["https:\/\/www.cei.usach.cl\/wp-content\/uploads\/2025\/12\/Sin-titulo-1100-x-363-px-13-1536x507.png",1536,507,true],"2048x2048":["https:\/\/www.cei.usach.cl\/wp-content\/uploads\/2025\/12\/Sin-titulo-1100-x-363-px-13-2048x676.png",2048,676,true],"rpwe-thumbnail":["https:\/\/www.cei.usach.cl\/wp-content\/uploads\/2025\/12\/Sin-titulo-1100-x-363-px-13-45x45.png",45,45,true]},"rttpg_author":{"display_name":"Comunicaciones VRIIC","author_link":"https:\/\/www.cei.usach.cl\/index.php\/author\/comunicacionesvridei\/"},"rttpg_comment":0,"rttpg_category":"<a href=\"https:\/\/www.cei.usach.cl\/index.php\/category\/noticias\/\" rel=\"category tag\">Noticias<\/a> <a href=\"https:\/\/www.cei.usach.cl\/index.php\/category\/uncategorized\/\" rel=\"category tag\">Uncategorized<\/a>","rttpg_excerpt":"El encuentro reuni\u00f3 a m\u00e1s de 170 especialistas de distintas regiones del pa\u00eds junto a destacados invitados internacionales, con el prop\u00f3sito de discutir los desaf\u00edos \u00e9ticos del presente y proyectar [&hellip;]","_links":{"self":[{"href":"https:\/\/www.cei.usach.cl\/index.php\/wp-json\/wp\/v2\/posts\/3569","targetHints":{"allow":["GET"]}}],"collection":[{"href":"https:\/\/www.cei.usach.cl\/index.php\/wp-json\/wp\/v2\/posts"}],"about":[{"href":"https:\/\/www.cei.usach.cl\/index.php\/wp-json\/wp\/v2\/types\/post"}],"author":[{"embeddable":true,"href":"https:\/\/www.cei.usach.cl\/index.php\/wp-json\/wp\/v2\/users\/2"}],"replies":[{"embeddable":true,"href":"https:\/\/www.cei.usach.cl\/index.php\/wp-json\/wp\/v2\/comments?post=3569"}],"version-history":[{"count":10,"href":"https:\/\/www.cei.usach.cl\/index.php\/wp-json\/wp\/v2\/posts\/3569\/revisions"}],"predecessor-version":[{"id":3595,"href":"https:\/\/www.cei.usach.cl\/index.php\/wp-json\/wp\/v2\/posts\/3569\/revisions\/3595"}],"wp:featuredmedia":[{"embeddable":true,"href":"https:\/\/www.cei.usach.cl\/index.php\/wp-json\/wp\/v2\/media\/3571"}],"wp:attachment":[{"href":"https:\/\/www.cei.usach.cl\/index.php\/wp-json\/wp\/v2\/media?parent=3569"}],"wp:term":[{"taxonomy":"category","embeddable":true,"href":"https:\/\/www.cei.usach.cl\/index.php\/wp-json\/wp\/v2\/categories?post=3569"},{"taxonomy":"post_tag","embeddable":true,"href":"https:\/\/www.cei.usach.cl\/index.php\/wp-json\/wp\/v2\/tags?post=3569"}],"curies":[{"name":"wp","href":"https:\/\/api.w.org\/{rel}","templated":true}]}}