{"id":785,"date":"2023-02-15T11:39:48","date_gmt":"2023-02-15T11:39:48","guid":{"rendered":"http:\/\/www.cei.usach.cl\/?p=785"},"modified":"2025-03-31T17:47:47","modified_gmt":"2025-03-31T17:47:47","slug":"congreso-internacional-abordara-nuevos-paradigmas-de-la-bioetica","status":"publish","type":"post","link":"https:\/\/www.cei.usach.cl\/index.php\/2023\/02\/15\/congreso-internacional-abordara-nuevos-paradigmas-de-la-bioetica\/","title":{"rendered":"Congreso internacional abordar\u00e1 nuevos paradigmas de la Bio\u00e9tica"},"content":{"rendered":"\n<blockquote class=\"wp-block-quote is-layout-flow wp-block-quote-is-layout-flow\">\n<p class=\"has-large-font-size\">La actividad ser\u00e1 organizada por el Comit\u00e9 de \u00c9tica Cient\u00edfico Institucional de la Universidad de Santiago de Chile y contar\u00e1 con destacados expertos nacionales e internacionales.<\/p>\n<\/blockquote>\n\n\n\n<p>\u00c9tica c\u00edvica, democracia, investigaci\u00f3n social, salud mental, neuroderechos y envejecimiento positivo, son solo algunos de los temas que abordar\u00e1 el \u201c<strong>Congreso Internacional de Bio\u00e9tica: Nuevos paradigmas de la Bio\u00e9tica del Siglo XXI\u201d<\/strong>, que realizar\u00e1 el Comit\u00e9 de \u00c9tica Cient\u00edfico Institucional de la Universidad de Santiago de Chile los d\u00edas <strong>10, 11 y 12 de noviembre<\/strong>.<\/p>\n\n\n\n<p>\u201cSe trata de un encuentro que est\u00e1 dirigido a la comunidad acad\u00e9mica e investigadores nacional e internacional, pero tambi\u00e9n al p\u00fablico general interesado en el rol de bio\u00e9tica en los tiempos actuales y los desaf\u00edos que se presentan para el desarrollo cient\u00edfico del futuro\u201d, explica<strong> Dr. Jairo Vanegas L\u00f3pez<\/strong>, presidente del Comit\u00e9 de \u00c9tica de Investigaci\u00f3n Universidad de Santiago de Chile.<\/p>\n\n\n\n<p>El Comit\u00e9 Cient\u00edfico organizador est\u00e1 constituido por el Dr. Jairo Vanegas, el Dr. Manuel Santos, la abogada Angelica Sotomayor, la Dra. Lorna Luco, el Dr. Francisco Le\u00f3n y la Secretaria Ejecutiva, Carolina Marchant. Todos miembros del Comit\u00e9 de \u00c9tica Institucional de la USACH.&nbsp;<\/p>\n\n\n\n<p>El Congreso contempla la realizaci\u00f3n de 3 jornadas expositivas que contar\u00e1n con la participaci\u00f3n de destacados expertos, y que podr\u00e1n ser seguidas a trav\u00e9s de la plataforma Zoom, previa inscripci\u00f3n en el <a href=\"https:\/\/docs.google.com\/forms\/d\/e\/1FAIpQLSckwdLUJ83T5fYRbpViwet4SLUxWf_pr5QkgMft7WqIE_BM9Q\/viewform\" target=\"_blank\" rel=\"noreferrer noopener\">este formulario<\/a>.&nbsp;<\/p>\n\n\n\n<p>El primer d\u00eda, el Rector de la Universidad de Santiago de Chile, <strong>Dr. Rodrigo Vidal<\/strong> y el presidente del Comit\u00e9 de \u00c9tica Usach, <strong>Dr. Jairo Vanegas<\/strong>, brindar\u00e1n la bienvenida oficial a la actividad. Tras ello, la jornada contempla la realizaci\u00f3n de la Conferencia \u201c\u00c9tica c\u00edvica y democracia\u201d, por el Dr. Miguel Kottow Lang, Doctor en Medicina de la Universidad de Bonn, en Alemania.<\/p>\n\n\n\n<p>Luego se realizar\u00e1 la mesa redonda: \u201c\u00c9tica investigaci\u00f3n social\u201d, en la que participar\u00e1n los investigadores Elizabeth Lira,&nbsp; psic\u00f3loga y Decana del Departamento de Psicolog\u00eda de Universidad Alberto Hurtado; el Dr. Ra\u00fal Villarroel, Decano de la Facultad de Filosof\u00eda y Humanidades de la Universidad de Chile; y la Dra. Mar\u00eda In\u00e9s Winkler, psic\u00f3loga de la Pontificia Universidad Cat\u00f3lica de Chile y Doctora en Estudios Americanos, Menci\u00f3n Pensamiento y Cultural de la USACH.<\/p>\n\n\n\n<p>El segundo d\u00eda, en tanto, se realizar\u00e1n tres conferencias: \u201c\u00c9tica y salud mental\u201d, por el Dr. Fernando Lolas Stepke, director del Centro Interdisciplinario de Estudios en Bio\u00e9tica y del Programa en \u00c9tica Global del Instituto de Estudios Internacionales de la Universidad de Chile; \u201cVisi\u00f3n \u00e9tica del envejecimiento positivo\u201d, a cargo del Dr. Ra\u00fal Mu\u00f1oz Lemaitre, profesor adjunto Salud P\u00fablica y Bio\u00e9tica de la Facultad de Ciencias M\u00e9dicas en USACH;&nbsp; Y \u201cNeuroderechos\u201d, a cargo de la Dra. Paulina Ramos Vergara, Doctora en Derecho y Magister en Bio\u00e9tica de la Universidad Cat\u00f3lica de Chile.&nbsp;<\/p>\n\n\n\n<p>En la \u00faltima jornada, se realizar\u00e1n las conferencias \u201cAntropo-Clima reciente y la \u00e9tica de la complicidad\u201d, dictada por el Dr. Juan Carlos Castilla, doctor en Biolog\u00eda Marina y Ciencias de la U. de Bangor y Premio Nacional de Ciencias Aplicadas y Tecnol\u00f3gicas. Finalmente, se presentar\u00e1 la conferencia \u201cPr\u00e1ctica Cl\u00ednica e Investigaci\u00f3n Cl\u00ednica\u201d, brindada por el Dr. Diego Gracia, profesor de Historia de la Medicina y Bio\u00e9tica Universidad Complutense de Madrid y&nbsp; Director del M\u00e1ster en Bio\u00e9tica de la misma universidad.<\/p>\n","protected":false},"excerpt":{"rendered":"<p>La actividad ser\u00e1 organizada por el Comit\u00e9 de \u00c9tica Cient\u00edfico Institucional de la Universidad de Santiago de Chile y contar\u00e1 con destacados expertos nacionales e internacionales. \u00c9tica c\u00edvica, democracia, investigaci\u00f3n [&hellip;]<\/p>\n","protected":false},"author":2,"featured_media":786,"comment_status":"closed","ping_status":"closed","sticky":false,"template":"","format":"standard","meta":{"_coblocks_attr":"","_coblocks_dimensions":"","_coblocks_responsive_height":"","_coblocks_accordion_ie_support":"","inline_featured_image":false,"_EventAllDay":false,"_EventTimezone":"","_EventStartDate":"","_EventEndDate":"","_EventStartDateUTC":"","_EventEndDateUTC":"","_EventShowMap":false,"_EventShowMapLink":false,"_EventURL":"","_EventCost":"","_EventCostDescription":"","_EventCurrencySymbol":"","_EventCurrencyCode":"","_EventCurrencyPosition":"","_EventDateTimeSeparator":"","_EventTimeRangeSeparator":"","_EventOrganizerID":[],"_EventVenueID":[],"_OrganizerEmail":"","_OrganizerPhone":"","_OrganizerWebsite":"","_VenueAddress":"","_VenueCity":"","_VenueCountry":"","_VenueProvince":"","_VenueState":"","_VenueZip":"","_VenuePhone":"","_VenueURL":"","_VenueStateProvince":"","_VenueLat":"","_VenueLng":"","_VenueShowMap":false,"_VenueShowMapLink":false,"footnotes":""},"categories":[6],"tags":[],"class_list":["post-785","post","type-post","status-publish","format-standard","has-post-thumbnail","hentry","category-noticias"],"rttpg_featured_image_url":{"full":["https:\/\/www.cei.usach.cl\/wp-content\/uploads\/2023\/02\/nota-congreso.png",1100,360,false],"landscape":["https:\/\/www.cei.usach.cl\/wp-content\/uploads\/2023\/02\/nota-congreso.png",1100,360,false],"portraits":["https:\/\/www.cei.usach.cl\/wp-content\/uploads\/2023\/02\/nota-congreso.png",1100,360,false],"thumbnail":["https:\/\/www.cei.usach.cl\/wp-content\/uploads\/2023\/02\/nota-congreso-150x150.png",150,150,true],"medium":["https:\/\/www.cei.usach.cl\/wp-content\/uploads\/2023\/02\/nota-congreso-300x98.png",300,98,true],"large":["https:\/\/www.cei.usach.cl\/wp-content\/uploads\/2023\/02\/nota-congreso-1024x335.png",1024,335,true],"1536x1536":["https:\/\/www.cei.usach.cl\/wp-content\/uploads\/2023\/02\/nota-congreso.png",1100,360,false],"2048x2048":["https:\/\/www.cei.usach.cl\/wp-content\/uploads\/2023\/02\/nota-congreso.png",1100,360,false],"rpwe-thumbnail":["https:\/\/www.cei.usach.cl\/wp-content\/uploads\/2023\/02\/nota-congreso-45x45.png",45,45,true]},"rttpg_author":{"display_name":"Comunicaciones VRIIC","author_link":"https:\/\/www.cei.usach.cl\/index.php\/author\/comunicacionesvridei\/"},"rttpg_comment":0,"rttpg_category":"<a href=\"https:\/\/www.cei.usach.cl\/index.php\/category\/noticias\/\" rel=\"category tag\">Noticias<\/a>","rttpg_excerpt":"La actividad ser\u00e1 organizada por el Comit\u00e9 de \u00c9tica Cient\u00edfico Institucional de la Universidad de Santiago de Chile y contar\u00e1 con destacados expertos nacionales e internacionales. \u00c9tica c\u00edvica, democracia, investigaci\u00f3n [&hellip;]","_links":{"self":[{"href":"https:\/\/www.cei.usach.cl\/index.php\/wp-json\/wp\/v2\/posts\/785","targetHints":{"allow":["GET"]}}],"collection":[{"href":"https:\/\/www.cei.usach.cl\/index.php\/wp-json\/wp\/v2\/posts"}],"about":[{"href":"https:\/\/www.cei.usach.cl\/index.php\/wp-json\/wp\/v2\/types\/post"}],"author":[{"embeddable":true,"href":"https:\/\/www.cei.usach.cl\/index.php\/wp-json\/wp\/v2\/users\/2"}],"replies":[{"embeddable":true,"href":"https:\/\/www.cei.usach.cl\/index.php\/wp-json\/wp\/v2\/comments?post=785"}],"version-history":[{"count":2,"href":"https:\/\/www.cei.usach.cl\/index.php\/wp-json\/wp\/v2\/posts\/785\/revisions"}],"predecessor-version":[{"id":788,"href":"https:\/\/www.cei.usach.cl\/index.php\/wp-json\/wp\/v2\/posts\/785\/revisions\/788"}],"wp:featuredmedia":[{"embeddable":true,"href":"https:\/\/www.cei.usach.cl\/index.php\/wp-json\/wp\/v2\/media\/786"}],"wp:attachment":[{"href":"https:\/\/www.cei.usach.cl\/index.php\/wp-json\/wp\/v2\/media?parent=785"}],"wp:term":[{"taxonomy":"category","embeddable":true,"href":"https:\/\/www.cei.usach.cl\/index.php\/wp-json\/wp\/v2\/categories?post=785"},{"taxonomy":"post_tag","embeddable":true,"href":"https:\/\/www.cei.usach.cl\/index.php\/wp-json\/wp\/v2\/tags?post=785"}],"curies":[{"name":"wp","href":"https:\/\/api.w.org\/{rel}","templated":true}]}}