{"id":789,"date":"2023-02-15T11:41:14","date_gmt":"2023-02-15T11:41:14","guid":{"rendered":"http:\/\/www.cei.usach.cl\/?p=789"},"modified":"2025-03-31T17:47:34","modified_gmt":"2025-03-31T17:47:34","slug":"comite-de-etica-usach-culmina-con-exito-nueva-version-de-congreso-de-bioetica","status":"publish","type":"post","link":"https:\/\/www.cei.usach.cl\/index.php\/2023\/02\/15\/comite-de-etica-usach-culmina-con-exito-nueva-version-de-congreso-de-bioetica\/","title":{"rendered":"Comit\u00e9 de \u00c9tica USACH culmina con \u00e9xito nueva versi\u00f3n de Congreso de Bio\u00e9tica"},"content":{"rendered":"\n<blockquote class=\"wp-block-quote has-large-font-size is-layout-flow wp-block-quote-is-layout-flow\">\n<p>La actividad organizada por el Comit\u00e9 de \u00c9tica Institucional (CEI) de la Universidad de Santiago de Chile se llev\u00f3 a cabo a trav\u00e9s de tres jornadas expositivas dictadas por siete expertos de diversas \u00e1reas de la bio\u00e9tica, desde el 10 al 12 de noviembre.<\/p>\n<\/blockquote>\n\n\n\n<p>Extendiendo la labor del <a href=\"http:\/\/cei.usach.cl\/\" target=\"_blank\" rel=\"noreferrer noopener\">Comit\u00e9 de \u00c9tica Institucional<\/a> (CEI) a actividades educativas y de capacitaci\u00f3n para la comunidad, el 10 de noviembre, con las palabras del Vicerrector de Investigaci\u00f3n, Desarrollo e Innovaci\u00f3n, <strong>Dr. Jorge Pavez<\/strong>, se dio inicio al Congreso Internacional de Bio\u00e9tica <strong>\u201cNuevos paradigmas de la bio\u00e9tica del siglo XXI\u201d<\/strong>.&nbsp;<\/p>\n\n\n\n<p>En su discurso inaugural, el Vicerrector se refiri\u00f3 a la gran la trayectoria del CEI USACH, relatando que <strong>\u201cse convirti\u00f3 en el a\u00f1o 2014 en el primer Comit\u00e9 de \u00c9tica de Investigaci\u00f3n en ser acreditado en el pa\u00eds por la SEREMI de la Regi\u00f3n Metropolitana, ratificando que su labor se desarrolla y mantiene a la fecha bajo las exigencias normativas \u00e9ticas nacionales e internacionales en torno al quehacer de los comit\u00e9s \u00e9ticos cient\u00edficos\u201d<\/strong>.&nbsp;<\/p>\n\n\n\n<p>Mientras tanto, el presidente del Comit\u00e9 de \u00c9tica, <strong>Dr. Jairo Vanegas L\u00f3pez<\/strong>, explic\u00f3 que este tipo de iniciativas se enmarcan en los objetivos que tiene el Comit\u00e9 de crear espacios de reflexi\u00f3n, en esta oportunidad a trav\u00e9s de la exposici\u00f3n de los nuevos retos que se imponen a la \u00c9tica de la investigaci\u00f3n y la Bio\u00e9tica. <strong>\u201cNosotros creemos que la investigaci\u00f3n debe tener valor social y cient\u00edfico para que la investigaci\u00f3n pueda tener a su vez sentido y legitimidad\u201d<\/strong>, declar\u00f3.<\/p>\n\n\n\n<p>La m\u00e1xima autoridad de la Vicerrector\u00eda Usach recalc\u00f3 la labor educativa del Comit\u00e9, el cual cuenta con una acreditaci\u00f3n de 3 a\u00f1os y que <strong>\u201cadem\u00e1s de cumplir con su funci\u00f3n de evaluaci\u00f3n \u00e9tica de proyectos de investigaci\u00f3n, cumple con labores de capacitaci\u00f3n y de difusi\u00f3n nacional e internacional en la conformaci\u00f3n de actividades de encuentro como este congreso\u201d<\/strong>, expres\u00f3.<\/p>\n\n\n\n<p>A lo largo de las tres jornadas que se desarroll\u00f3 el congreso, el Dr. Vanegas, inform\u00f3 que la iniciativa tuvo una gran convocatoria, logrando <strong>\u201cla participaci\u00f3n de 292 personas que navegaron por los temas de inter\u00e9s, con asistentes de Espa\u00f1a, Centroam\u00e9rica y Am\u00e9rica del Sur\u201d<\/strong>.<\/p>\n\n\n\n<p>Sobre el programa, el primer d\u00eda se cont\u00f3 con la exposici\u00f3n del Dr. Miguel Kottow Lang, Doctor en Medicina de la Universidad de Bonn, en Alemania, sobre <strong>\u201c\u00c9tica c\u00edvica y democracia\u201d<\/strong>. Luego se llev\u00f3 a cabo la mesa redonda: <strong>\u201c\u00c9tica investigaci\u00f3n social<\/strong>\u201d, en la que particip\u00f3 Elizabeth Lira, psic\u00f3loga y Decana del Departamento de Psicolog\u00eda de Universidad Alberto Hurtado; y la Dra. Mar\u00eda In\u00e9s Winkler, psic\u00f3loga de la Pontificia Universidad Cat\u00f3lica de Chile y Doctora en Estudios Americanos, Menci\u00f3n Pensamiento y Cultural de la USACH.<\/p>\n\n\n\n<p>El d\u00eda viernes fueron 3 los expositores: el Dr. Fernando Lolas Stepke, director del Centro Interdisciplinario de Estudios en Bio\u00e9tica y del Programa en \u00c9tica Global del Instituto de Estudios Internacionales de la Universidad de Chile, quien abord\u00f3 la tem\u00e1tica <strong>\u201c\u00c9tica y salud mental\u201d<\/strong>. Por otro lado, el Dr. Ra\u00fal Mu\u00f1oz Lemaitre, profesor adjunto Salud P\u00fablica y Bio\u00e9tica de la Facultad de Ciencias M\u00e9dicas en USACH convers\u00f3 sobre la<strong> \u201cVisi\u00f3n \u00e9tica del envejecimiento positivo\u201d<\/strong>. Por \u00faltimo la Dra. Paulina Ramos Vergara, Doctora en Derecho y Mag\u00edster en Bio\u00e9tica de la Universidad Cat\u00f3lica de Chile centr\u00f3 su exposici\u00f3n en la tem\u00e1tica <strong>\u201cNeuroderechos\u201d<\/strong>.<\/p>\n\n\n\n<p>El d\u00eda s\u00e1bado 12 de noviembre, las exposiciones fueron de parte del Dr. Juan Carlos Castilla, doctor en Biolog\u00eda Marina y Ciencias de la U. de Bangor y Premio Nacional de Ciencias Aplicadas y Tecnol\u00f3gicas, quien encabez\u00f3 la charla <strong>\u201cAntropo-Clima reciente y la \u00e9tica de la complicidad\u201d<\/strong>. Por \u00faltimo, el Dr. Diego Gracia, profesor de Historia de la Medicina y Bio\u00e9tica Universidad Complutense de Madrid y Director del M\u00e1ster en Bio\u00e9tica de la misma universidad dict\u00f3 la conferencia <strong>\u201cPr\u00e1ctica Cl\u00ednica e Investigaci\u00f3n Cl\u00ednica\u201d<\/strong>.<\/p>\n\n\n\n<p>Al finalizar el congreso, el Dr. Jairo Vanegas declar\u00f3 que <strong>\u201clas expectativas del congreso fueron sobrepasadas y la USACH por tres d\u00edas se convirti\u00f3 en centro de discusi\u00f3n de temas de actualidad para la Bio\u00e9tica y de la \u00c9tica de la investigaci\u00f3n<\/strong>\u201d.&nbsp;<\/p>\n\n\n\n<p class=\"has-small-font-size\">Por Irma Fern\u00e1ndez Pacheco<\/p>\n","protected":false},"excerpt":{"rendered":"<p>La actividad organizada por el Comit\u00e9 de \u00c9tica Institucional (CEI) de la Universidad de Santiago de Chile se llev\u00f3 a cabo a trav\u00e9s de tres jornadas expositivas dictadas por siete [&hellip;]<\/p>\n","protected":false},"author":2,"featured_media":792,"comment_status":"closed","ping_status":"closed","sticky":false,"template":"","format":"standard","meta":{"_coblocks_attr":"","_coblocks_dimensions":"","_coblocks_responsive_height":"","_coblocks_accordion_ie_support":"","inline_featured_image":false,"_EventAllDay":false,"_EventTimezone":"","_EventStartDate":"","_EventEndDate":"","_EventStartDateUTC":"","_EventEndDateUTC":"","_EventShowMap":false,"_EventShowMapLink":false,"_EventURL":"","_EventCost":"","_EventCostDescription":"","_EventCurrencySymbol":"","_EventCurrencyCode":"","_EventCurrencyPosition":"","_EventDateTimeSeparator":"","_EventTimeRangeSeparator":"","_EventOrganizerID":[],"_EventVenueID":[],"_OrganizerEmail":"","_OrganizerPhone":"","_OrganizerWebsite":"","_VenueAddress":"","_VenueCity":"","_VenueCountry":"","_VenueProvince":"","_VenueState":"","_VenueZip":"","_VenuePhone":"","_VenueURL":"","_VenueStateProvince":"","_VenueLat":"","_VenueLng":"","_VenueShowMap":false,"_VenueShowMapLink":false,"footnotes":""},"categories":[6],"tags":[],"class_list":["post-789","post","type-post","status-publish","format-standard","has-post-thumbnail","hentry","category-noticias"],"rttpg_featured_image_url":{"full":["https:\/\/www.cei.usach.cl\/wp-content\/uploads\/2023\/02\/nota-congreso-final.png",1100,360,false],"landscape":["https:\/\/www.cei.usach.cl\/wp-content\/uploads\/2023\/02\/nota-congreso-final.png",1100,360,false],"portraits":["https:\/\/www.cei.usach.cl\/wp-content\/uploads\/2023\/02\/nota-congreso-final.png",1100,360,false],"thumbnail":["https:\/\/www.cei.usach.cl\/wp-content\/uploads\/2023\/02\/nota-congreso-final-150x150.png",150,150,true],"medium":["https:\/\/www.cei.usach.cl\/wp-content\/uploads\/2023\/02\/nota-congreso-final-300x98.png",300,98,true],"large":["https:\/\/www.cei.usach.cl\/wp-content\/uploads\/2023\/02\/nota-congreso-final-1024x335.png",1024,335,true],"1536x1536":["https:\/\/www.cei.usach.cl\/wp-content\/uploads\/2023\/02\/nota-congreso-final.png",1100,360,false],"2048x2048":["https:\/\/www.cei.usach.cl\/wp-content\/uploads\/2023\/02\/nota-congreso-final.png",1100,360,false],"rpwe-thumbnail":["https:\/\/www.cei.usach.cl\/wp-content\/uploads\/2023\/02\/nota-congreso-final-45x45.png",45,45,true]},"rttpg_author":{"display_name":"Comunicaciones VRIIC","author_link":"https:\/\/www.cei.usach.cl\/index.php\/author\/comunicacionesvridei\/"},"rttpg_comment":0,"rttpg_category":"<a href=\"https:\/\/www.cei.usach.cl\/index.php\/category\/noticias\/\" rel=\"category tag\">Noticias<\/a>","rttpg_excerpt":"La actividad organizada por el Comit\u00e9 de \u00c9tica Institucional (CEI) de la Universidad de Santiago de Chile se llev\u00f3 a cabo a trav\u00e9s de tres jornadas expositivas dictadas por siete [&hellip;]","_links":{"self":[{"href":"https:\/\/www.cei.usach.cl\/index.php\/wp-json\/wp\/v2\/posts\/789","targetHints":{"allow":["GET"]}}],"collection":[{"href":"https:\/\/www.cei.usach.cl\/index.php\/wp-json\/wp\/v2\/posts"}],"about":[{"href":"https:\/\/www.cei.usach.cl\/index.php\/wp-json\/wp\/v2\/types\/post"}],"author":[{"embeddable":true,"href":"https:\/\/www.cei.usach.cl\/index.php\/wp-json\/wp\/v2\/users\/2"}],"replies":[{"embeddable":true,"href":"https:\/\/www.cei.usach.cl\/index.php\/wp-json\/wp\/v2\/comments?post=789"}],"version-history":[{"count":1,"href":"https:\/\/www.cei.usach.cl\/index.php\/wp-json\/wp\/v2\/posts\/789\/revisions"}],"predecessor-version":[{"id":790,"href":"https:\/\/www.cei.usach.cl\/index.php\/wp-json\/wp\/v2\/posts\/789\/revisions\/790"}],"wp:featuredmedia":[{"embeddable":true,"href":"https:\/\/www.cei.usach.cl\/index.php\/wp-json\/wp\/v2\/media\/792"}],"wp:attachment":[{"href":"https:\/\/www.cei.usach.cl\/index.php\/wp-json\/wp\/v2\/media?parent=789"}],"wp:term":[{"taxonomy":"category","embeddable":true,"href":"https:\/\/www.cei.usach.cl\/index.php\/wp-json\/wp\/v2\/categories?post=789"},{"taxonomy":"post_tag","embeddable":true,"href":"https:\/\/www.cei.usach.cl\/index.php\/wp-json\/wp\/v2\/tags?post=789"}],"curies":[{"name":"wp","href":"https:\/\/api.w.org\/{rel}","templated":true}]}}