{"id":799,"date":"2023-02-15T11:46:55","date_gmt":"2023-02-15T11:46:55","guid":{"rendered":"http:\/\/www.cei.usach.cl\/?p=799"},"modified":"2025-03-31T17:47:01","modified_gmt":"2025-03-31T17:47:01","slug":"integrantes-del-comite-de-etica-institucional-usach-participan-en-libro-etica-y-seguridad-en-la-investigacion-aprendizajes-y-desafios","status":"publish","type":"post","link":"https:\/\/www.cei.usach.cl\/index.php\/2023\/02\/15\/integrantes-del-comite-de-etica-institucional-usach-participan-en-libro-etica-y-seguridad-en-la-investigacion-aprendizajes-y-desafios\/","title":{"rendered":"Integrantes del Comit\u00e9 de \u00c9tica Institucional USACH participan en libro \u201c\u00c9tica y Seguridad en la Investigaci\u00f3n. Aprendizajes y Desaf\u00edos\u201d"},"content":{"rendered":"\n<blockquote class=\"wp-block-quote has-large-font-size is-layout-flow wp-block-quote-is-layout-flow\">\n<p>Se trata del primer cap\u00edtulo del libro \u201cOrientaciones sobre aspectos \u00e9ticos en la investigaci\u00f3n cient\u00edfica en seres humanos. Gu\u00eda para estudiantes y acad\u00e9micos\u201d, escrito por diez docentes de esta casa de estudios.<\/p>\n<\/blockquote>\n\n\n\n<p>El pasado mi\u00e9rcoles 4 de enero se llev\u00f3 a cabo el lanzamiento del libro <strong>\u201c\u00c9tica y Seguridad en la Investigaci\u00f3n. Aprendizajes y Desaf\u00edos\u201d<\/strong> impulsado por la Pontificia Universidad Cat\u00f3lica de Chile, en el que diez docentes y miembros del <a href=\"http:\/\/www.cei.usach.cl\/\" target=\"_blank\" rel=\"noreferrer noopener\">Comit\u00e9 de \u00c9tica Institucional<\/a> USACH fueron los autores del primer cap\u00edtulo del escrito.&nbsp;<\/p>\n\n\n\n<p>Jairo Vanegas L\u00f3pez, Mar\u00eda Ang\u00e9lica Sotomayor Saavedra, Christian Cea Del R\u00edo, Juan Pablo Ciudad P\u00e9rez, Lorena Sulz Echeverr\u00eda, Gilberto Godoy M\u00e9ndez, Lorna Luco Canales, Wilheim Navarro Navarro, Claudia Villalobos Morales y Nicol\u00e1s Vega Fuentes dieron el puntapi\u00e9 inicial de esta entrega con el cap\u00edtulo titulado \u201cOrientaciones sobre aspectos \u00e9ticos en la investigaci\u00f3n cient\u00edfica en seres humanos. Gu\u00eda para estudiantes y acad\u00e9micos\u201d.&nbsp;<\/p>\n\n\n\n<figure class=\"wp-block-image\"><img decoding=\"async\" src=\"https:\/\/vridei.usach.cl\/wp-content\/uploads\/2023\/01\/FDE35079-515D-4909-A6DF-57412F94E4E1-1-1024x768.png\" alt=\"\" class=\"wp-image-8504\"\/><\/figure>\n\n\n\n<p>Este documento propone m\u00e9todos de trabajo y entrega informaci\u00f3n sobre los siete criterios de Ezekiel Emanuel como una forma de revisi\u00f3n estandarizada, para que cualquier proyecto de investigaci\u00f3n sea v\u00e1lido desde el punto de vista \u00e9tico.&nbsp;<\/p>\n\n\n\n<p>\u201cEs nuestra forma de trabajo, de esta manera desarrollamos material para la universidad, nuestros estudiantes y acad\u00e9micos y acad\u00e9micas, para que tengan acceso a esta informaci\u00f3n como usuarios y lleguen las investigaciones ya vistas desde el ojo \u00e9tico\u201d, explica la Bioeticista del \u00e1rea de Ciencias M\u00e9dicas, <strong>Claudia Villalobos<\/strong>. As\u00ed, contin\u00faa, \u201cesto es lo que nos importa en el fondo, que los investigadores puedan saber cu\u00e1les son las condiciones que debe cumplir una investigaci\u00f3n para ser aprobada por el comit\u00e9, y por supuesto que sea segura para las y los sujetos de investigaci\u00f3n\u201d.<\/p>\n\n\n\n<p>Por su parte, el coordinador alterno del \u00e1rea de Ciencias de la Salud, <strong>Gilberto Godoy M\u00e9ndez<\/strong>, comenta que este proyecto nace desde una invitaci\u00f3n a colaborar hecha por la Pontificia Universidad Cat\u00f3lica que representa justamente un sentimiento colectivo en torno a una carencia de material de este tipo. \u201cNosotros est\u00e1bamos en ese minuto pensando en hacer un art\u00edculo como comunicaci\u00f3n interna de la Universidad y lleg\u00f3 la invitaci\u00f3n desde la UC\u201d, explica.&nbsp;<\/p>\n\n\n\n<p>Esta iniciativa re\u00fane la experiencia y reflexi\u00f3n de acad\u00e9micos, acad\u00e9micas y miembros de Comit\u00e9s \u00c9ticos de distintas universidades del pa\u00eds, con el fin de contribuir a la generaci\u00f3n de conocimiento propio en este \u00e1mbito. Sus editores son la Coordinadora de \u00c9tica y Seguridad en la Investigaci\u00f3n UC, Alejandra Santana L\u00f3pez, y el Acad\u00e9mico del Centro de bio\u00e9tica UC, Luca Valera, y cuenta con un total de 75 autores de la Pontificia Universidad Cat\u00f3lica de Chile, Universidad de Chile, Universidad de Magallanes, Universidad de los Andes, Universidad Gabriela Mistral,&nbsp; Universit\u00e9 Toulouse III Paul Sabatier y la Universidad de Santiago de Chile.<\/p>\n\n\n\n<p class=\"has-small-font-size\">Por Irma Fern\u00e1ndez Pacheco<\/p>\n","protected":false},"excerpt":{"rendered":"<p>Se trata del primer cap\u00edtulo del libro \u201cOrientaciones sobre aspectos \u00e9ticos en la investigaci\u00f3n cient\u00edfica en seres humanos. Gu\u00eda para estudiantes y acad\u00e9micos\u201d, escrito por diez docentes de esta casa [&hellip;]<\/p>\n","protected":false},"author":2,"featured_media":800,"comment_status":"closed","ping_status":"closed","sticky":false,"template":"","format":"standard","meta":{"_coblocks_attr":"","_coblocks_dimensions":"","_coblocks_responsive_height":"","_coblocks_accordion_ie_support":"","inline_featured_image":false,"_EventAllDay":false,"_EventTimezone":"","_EventStartDate":"","_EventEndDate":"","_EventStartDateUTC":"","_EventEndDateUTC":"","_EventShowMap":false,"_EventShowMapLink":false,"_EventURL":"","_EventCost":"","_EventCostDescription":"","_EventCurrencySymbol":"","_EventCurrencyCode":"","_EventCurrencyPosition":"","_EventDateTimeSeparator":"","_EventTimeRangeSeparator":"","_EventOrganizerID":[],"_EventVenueID":[],"_OrganizerEmail":"","_OrganizerPhone":"","_OrganizerWebsite":"","_VenueAddress":"","_VenueCity":"","_VenueCountry":"","_VenueProvince":"","_VenueState":"","_VenueZip":"","_VenuePhone":"","_VenueURL":"","_VenueStateProvince":"","_VenueLat":"","_VenueLng":"","_VenueShowMap":false,"_VenueShowMapLink":false,"footnotes":""},"categories":[6],"tags":[],"class_list":["post-799","post","type-post","status-publish","format-standard","has-post-thumbnail","hentry","category-noticias"],"rttpg_featured_image_url":{"full":["https:\/\/www.cei.usach.cl\/wp-content\/uploads\/2023\/02\/vridei-icei.png",1100,360,false],"landscape":["https:\/\/www.cei.usach.cl\/wp-content\/uploads\/2023\/02\/vridei-icei.png",1100,360,false],"portraits":["https:\/\/www.cei.usach.cl\/wp-content\/uploads\/2023\/02\/vridei-icei.png",1100,360,false],"thumbnail":["https:\/\/www.cei.usach.cl\/wp-content\/uploads\/2023\/02\/vridei-icei-150x150.png",150,150,true],"medium":["https:\/\/www.cei.usach.cl\/wp-content\/uploads\/2023\/02\/vridei-icei-300x98.png",300,98,true],"large":["https:\/\/www.cei.usach.cl\/wp-content\/uploads\/2023\/02\/vridei-icei-1024x335.png",1024,335,true],"1536x1536":["https:\/\/www.cei.usach.cl\/wp-content\/uploads\/2023\/02\/vridei-icei.png",1100,360,false],"2048x2048":["https:\/\/www.cei.usach.cl\/wp-content\/uploads\/2023\/02\/vridei-icei.png",1100,360,false],"rpwe-thumbnail":["https:\/\/www.cei.usach.cl\/wp-content\/uploads\/2023\/02\/vridei-icei-45x45.png",45,45,true]},"rttpg_author":{"display_name":"Comunicaciones VRIIC","author_link":"https:\/\/www.cei.usach.cl\/index.php\/author\/comunicacionesvridei\/"},"rttpg_comment":0,"rttpg_category":"<a href=\"https:\/\/www.cei.usach.cl\/index.php\/category\/noticias\/\" rel=\"category tag\">Noticias<\/a>","rttpg_excerpt":"Se trata del primer cap\u00edtulo del libro \u201cOrientaciones sobre aspectos \u00e9ticos en la investigaci\u00f3n cient\u00edfica en seres humanos. Gu\u00eda para estudiantes y acad\u00e9micos\u201d, escrito por diez docentes de esta casa [&hellip;]","_links":{"self":[{"href":"https:\/\/www.cei.usach.cl\/index.php\/wp-json\/wp\/v2\/posts\/799","targetHints":{"allow":["GET"]}}],"collection":[{"href":"https:\/\/www.cei.usach.cl\/index.php\/wp-json\/wp\/v2\/posts"}],"about":[{"href":"https:\/\/www.cei.usach.cl\/index.php\/wp-json\/wp\/v2\/types\/post"}],"author":[{"embeddable":true,"href":"https:\/\/www.cei.usach.cl\/index.php\/wp-json\/wp\/v2\/users\/2"}],"replies":[{"embeddable":true,"href":"https:\/\/www.cei.usach.cl\/index.php\/wp-json\/wp\/v2\/comments?post=799"}],"version-history":[{"count":1,"href":"https:\/\/www.cei.usach.cl\/index.php\/wp-json\/wp\/v2\/posts\/799\/revisions"}],"predecessor-version":[{"id":801,"href":"https:\/\/www.cei.usach.cl\/index.php\/wp-json\/wp\/v2\/posts\/799\/revisions\/801"}],"wp:featuredmedia":[{"embeddable":true,"href":"https:\/\/www.cei.usach.cl\/index.php\/wp-json\/wp\/v2\/media\/800"}],"wp:attachment":[{"href":"https:\/\/www.cei.usach.cl\/index.php\/wp-json\/wp\/v2\/media?parent=799"}],"wp:term":[{"taxonomy":"category","embeddable":true,"href":"https:\/\/www.cei.usach.cl\/index.php\/wp-json\/wp\/v2\/categories?post=799"},{"taxonomy":"post_tag","embeddable":true,"href":"https:\/\/www.cei.usach.cl\/index.php\/wp-json\/wp\/v2\/tags?post=799"}],"curies":[{"name":"wp","href":"https:\/\/api.w.org\/{rel}","templated":true}]}}